{"id":325726,"date":"2017-02-10T04:00:46","date_gmt":"2017-02-10T03:00:46","guid":{"rendered":"https:\/\/www.focolare.org\/los-jovenes-de-brancaccio-con-el-gen-verde\/"},"modified":"2024-05-16T14:54:58","modified_gmt":"2024-05-16T12:54:58","slug":"los-jovenes-de-brancaccio-con-el-gen-verde","status":"publish","type":"post","link":"https:\/\/www.focolare.org\/es\/los-jovenes-de-brancaccio-con-el-gen-verde\/","title":{"rendered":"Los j\u00f3venes de Brancaccio con el Gen Verde"},"content":{"rendered":"<p><strong>\u201cPlenitud, felicidad, tenacidad, familia, una experiencia \u00fanica, de escucha, diversidad\u201d,<\/strong> son algunas de las palabras clave que se repiten en los comentarios dejados por los j\u00f3venes del Liceo Basile, quienes tambi\u00e9n fueron protagonistas<img loading=\"lazy\" decoding=\"async\" class=\"wp-image-147740 alignleft\" src=\"https:\/\/www.focolare.org\/wp-content\/uploads\/2017\/02\/1gvDSC_0350.jpg\" alt=\"1gvDSC_0350\" width=\"385\" height=\"256\" \/> de los tres espect\u00e1culos y de los talleres en los que participaron desde el 31 de enero al 5 de febrero en Palermo (Italia del sur). \u00abEs como si me hubiera convertido en una de ellas, con un ideal grande, creer que el amor de verdad puede superar todo y que nuestros corazones no tienen fronteras\u00bb, escribe Irene.  <strong>El Liceo Cient\u00edfico \u201cErnesto Basile\u201d <\/strong>es considerado como una instituci\u00f3n de vanguardia, y est\u00e1 situado en Brancaccio, el barrio donde trabaj\u00f3 el <a href=\"https:\/\/www.focolare.org\/es\/news\/2013\/05\/28\/italia-cantiere-legalita-da-palermo-a-milano\/\">Padre Pino Puglisi<\/a>, un sacerdote que en 1993, fue asesinado por la mafia, que ahora es Beato. Las problem\u00e1ticas sociales en la zona no faltan y el tema educativo est\u00e1 siempre abierto: los porcentajes de deserci\u00f3n escolar est\u00e1n muy por debajo del promedio nacional. Por esto hay m\u00faltiples iniciativas que se llevan adelante en la escuela, que con frecuencia representa la \u00fanica posibilidad de rescate, apuntando a que las j\u00f3venes generaciones crezcan con la conciencia de pertenecer a una comunidad. Y testimoniar, a veces con esfuerzo, una vida que vaya contra la corriente y les d\u00e9 la posibilidad de reflexionar sobre las elecciones que a menudo los llevan a llevar una vida equivocada.  <strong>Un encuentro casi casual con el <a href=\"http:\/\/www.genverde.it\/\" target=\"_blank\" rel=\"noopener\">Gen Verde<\/a> ocurrido en el mes de mayo del a\u00f1o pasado,<\/strong> \u00a0despert\u00f3 en los j\u00f3venes el fuerte deseo de concretar el proyecto educativo <a href=\"https:\/\/www.focolare.org\/es\/news\/2013\/11\/06\/gen-verde-start-now-al-via\/\" target=\"_blank\" rel=\"noopener\">START NOW,<\/a>\u00a0que ya ha sido experimentado en varias ciudades de Europa y Asia. \u00abLos objetivos educativos del proyecto \u2013 explican las artistas del grupo- son la promoci\u00f3n del arte como catalizadora de la educaci\u00f3n a la paz, la valorizaci\u00f3n de las diversidades culturales, del di\u00e1logo intercultural, de los derechos y de la dignidad de la persona, de relaciones interpersonales que estimulen el desarrollo integral de la persona\u00bb.  <strong><em>\u201cHubo un entusiasmo del mil por ciento\u201d <\/em>en la preparaci\u00f3n de este evento.<\/strong> Los talleres, con la participaci\u00f3n de un centenar de j\u00f3venes, fueron lugares para experimentar la propia creatividad y para descubrir sus propios talentos. Lo lograron trabajando codo a codo con las integrantes de la banda, como co-protagonistas, compartiendo las varias experiencias art\u00edsticas dentro del respeto y de la escucha rec\u00edproca.  <img loading=\"lazy\" decoding=\"async\" class=\"wp-image-147707 alignright\" src=\"https:\/\/www.focolare.org\/wp-content\/uploads\/2017\/02\/16298750_10210538814780174_6665029376688686575_n.jpg\" alt=\"16298750_10210538814780174_6665029376688686575_n\" width=\"195\" height=\"269\" \/><strong>PalaOreto, 3 de febrero.<\/strong> Los j\u00f3venes subieron al palco con el Gen Verde ante un p\u00fablico de mil adolescentes de las escuelas del barrio y de sus familias. Continuaron el domingo siguiente en el Teatro Golden con un segundo festival por la noche, y las entradas estaban ya agotadas dos semanas antes del evento.  <strong>Emocionados pero seguros de su performance,<\/strong> ellos dieron lo mejor de s\u00ed mismos en las coreograf\u00edas, en el canto, en la danza y en el teatro, contagiando enseguida al p\u00fablico. Sobre todo vivieron una experiencia \u00fanica, que no concibe los \u201cmuros\u201d y que puso en relieve que las diferencias, las diversidades, la marginaci\u00f3n pueden ser superadas.  \u00abEl d\u00eda despu\u00e9s siempre tiene sabor a nostalgia, pero ahora es distinto: \u00a1es un sabor a desaf\u00edo! Buen \u201cStart Now\u201d para todos nosotros, \u00a1peque\u00f1os guerreros de la periferia!\u00bb, escribi\u00f3 en su p\u00e1gina de facebook la docente promotora del evento al d\u00eda siguiente del espect\u00e1culo. Es el sue\u00f1o de alguien que trabaja cada d\u00eda con estos j\u00f3venes, contrastando la marginaci\u00f3n y el malestar a trav\u00e9s de la creatividad y est\u00edmulos positivos, ayud\u00e1ndolos a no permanecer encerrados en el propio espacio cotidiano, promoviendo una escuela inclusiva de las distintas dimensiones de la persona.  &nbsp;  .<\/p>\n","protected":false},"excerpt":{"rendered":"<p>En un barrio de la periferia de Sicilia, un centenar de j\u00f3venes se convierten en protagonistas de \u201cStart now\u201d, un proyecto que est\u00e1 dirigido a la educaci\u00f3n en la paz con el lenguaje del arte y de la m\u00fasica.<\/p>\n","protected":false},"author":34,"featured_media":0,"comment_status":"open","ping_status":"open","sticky":false,"template":"","format":"standard","meta":{"give_campaign_id":0,"_seopress_robots_primary_cat":"","_seopress_titles_title":"","_seopress_titles_desc":"","_seopress_robots_index":"","_et_pb_use_builder":"","_et_pb_old_content":"","_et_gb_content_width":"","footnotes":""},"categories":[46],"tags":[],"class_list":["post-325726","post","type-post","status-publish","format-standard","hentry","category-sin-categorizar"],"_links":{"self":[{"href":"https:\/\/www.focolare.org\/es\/wp-json\/wp\/v2\/posts\/325726","targetHints":{"allow":["GET"]}}],"collection":[{"href":"https:\/\/www.focolare.org\/es\/wp-json\/wp\/v2\/posts"}],"about":[{"href":"https:\/\/www.focolare.org\/es\/wp-json\/wp\/v2\/types\/post"}],"author":[{"embeddable":true,"href":"https:\/\/www.focolare.org\/es\/wp-json\/wp\/v2\/users\/34"}],"replies":[{"embeddable":true,"href":"https:\/\/www.focolare.org\/es\/wp-json\/wp\/v2\/comments?post=325726"}],"version-history":[{"count":0,"href":"https:\/\/www.focolare.org\/es\/wp-json\/wp\/v2\/posts\/325726\/revisions"}],"wp:attachment":[{"href":"https:\/\/www.focolare.org\/es\/wp-json\/wp\/v2\/media?parent=325726"}],"wp:term":[{"taxonomy":"category","embeddable":true,"href":"https:\/\/www.focolare.org\/es\/wp-json\/wp\/v2\/categories?post=325726"},{"taxonomy":"post_tag","embeddable":true,"href":"https:\/\/www.focolare.org\/es\/wp-json\/wp\/v2\/tags?post=325726"}],"curies":[{"name":"wp","href":"https:\/\/api.w.org\/{rel}","templated":true}]}}