{"id":325742,"date":"2017-02-15T16:16:58","date_gmt":"2017-02-15T15:16:58","guid":{"rendered":"https:\/\/www.focolare.org\/semana-mundo-unido-2017\/"},"modified":"2024-05-16T14:55:02","modified_gmt":"2024-05-16T12:55:02","slug":"semana-mundo-unido-2017","status":"publish","type":"post","link":"https:\/\/www.focolare.org\/es\/semana-mundo-unido-2017\/","title":{"rendered":"Semana Mundo Unido 2017"},"content":{"rendered":"<p><img loading=\"lazy\" decoding=\"async\" class=\"wp-image-148060 alignleft\" src=\"https:\/\/www.focolare.org\/wp-content\/uploads\/2017\/02\/Meet1\u00b0maggio-600x763.jpg\" alt=\"Meet1\u00b0maggio-600x763\" width=\"310\" height=\"395\" \/>Desde hace veinte a\u00f1os la <a href=\"http:\/\/www.y4uw.org\/it\/cosa-facciamo\/settimana-mondo-unito.html\" target=\"_blank\" rel=\"noopener\">Semana Mundo Unido<\/a> es la cita que re\u00fane a j\u00f3venes de todo el mundo que se comprometen, a trav\u00e9s de acciones, manifestaciones, congresos y debates culturales, a incidir en la opini\u00f3n p\u00fablica de los pa\u00edses que la hospedan, y testimonian juntos que un mundo unido es posible, dejando un signo palpable en las ciudades e instituciones involucradas.  &nbsp;  Este a\u00f1o parte de <a href=\"http:\/\/www.loppiano.it\/\" target=\"_blank\" rel=\"noopener\">Loppiano<\/a> (Florencia) con el evento del <a href=\"http:\/\/www.primomaggioloppiano.it\/\">Primero de Mayo,<\/a> precedido por el Meeting internacional de los <a href=\"https:\/\/www.focolare.org\/es\/movimento-dei-focolari\/un-popolo\/giovani-per-un-mondo-unito\/\">J\u00f3venes por un Mundo Unido<\/a>.  &nbsp;  <strong>Programa del Meeting de los J\u00f3venes por un mundo unido (29 y 30 de Abril)<\/strong>  <strong>2<\/strong> <strong>d\u00edas<\/strong> para encontrarse, reflexionar, aprender, comprometerse, proyectar un mundo nuevo en el que la Paz sea ley universal;  <strong>800<\/strong> <strong>j\u00f3venes<\/strong> de todo el mundo, son los J\u00f3venes por un Mundo Unido;  <strong>3 talleres<\/strong> sobre acogida e integraci\u00f3n; compromiso social; la paz en el arte;  <strong>4<\/strong> <strong>Forum<\/strong> sobre Paz y tradiciones religiosas; Econom\u00eda y Pol\u00edtica; Educaci\u00f3n a la paz; Paz y Naturaleza.  &nbsp;  <strong>Programa del Primero de Mayo\u00a0 <\/strong>  <strong>Es la cita mundial que abrir\u00e1 la edici\u00f3n 2017 de la Semana Mundo Unido<\/strong>,  <strong>10.00-15.15<\/strong> \u2013 <em>Inicio: acogida &amp; animaci\u00f3n<\/em>  <strong>Talleres:\u00a0Paz &amp;\u2026<\/strong> <\/p>\n<ul>\n<li>Religiones<\/li>\n<li>Econom\u00eda<\/li>\n<li>Pol\u00edtica<\/li>\n<li>Arte<\/li>\n<li>Educaci\u00f3n<\/li>\n<li>Naturaleza<\/li>\n<\/ul>\n<p> <strong>\u00a0\u00a0\u00a0 15.30-16.30 \u2013<\/strong> <strong>Muchos latidos, un solo mundo: historias de paz<\/strong>  <strong>\u00a0\u00a0 16.45 &#8211;<\/strong>\u00a0<strong>Estalla la paz: music4peace<\/strong>  <strong>Informaci\u00f3n y reserva:<\/strong><strong> <\/strong><a href=\"http:\/\/www.primomaggioloppiano.it\" target=\"_blank\" rel=\"noopener\">www.primomaggioloppiano.it<\/a> <a href=\"https:\/\/www.facebook.com\/primomaggioloppiano\/?fref=ts\" target=\"_blank\" rel=\"noopener\">FB primomaggioloppiano<\/a><\/p>\n","protected":false},"excerpt":{"rendered":"<p>Este a\u00f1o se inicia en Loppiano la cita anual de los J\u00f3venes por un Mundo Unido.<\/p>\n","protected":false},"author":34,"featured_media":0,"comment_status":"open","ping_status":"open","sticky":false,"template":"","format":"standard","meta":{"give_campaign_id":0,"_seopress_robots_primary_cat":"","_seopress_titles_title":"","_seopress_titles_desc":"","_seopress_robots_index":"","_et_pb_use_builder":"","_et_pb_old_content":"","_et_gb_content_width":"","footnotes":""},"categories":[46],"tags":[],"class_list":["post-325742","post","type-post","status-publish","format-standard","hentry","category-sin-categorizar"],"_links":{"self":[{"href":"https:\/\/www.focolare.org\/es\/wp-json\/wp\/v2\/posts\/325742","targetHints":{"allow":["GET"]}}],"collection":[{"href":"https:\/\/www.focolare.org\/es\/wp-json\/wp\/v2\/posts"}],"about":[{"href":"https:\/\/www.focolare.org\/es\/wp-json\/wp\/v2\/types\/post"}],"author":[{"embeddable":true,"href":"https:\/\/www.focolare.org\/es\/wp-json\/wp\/v2\/users\/34"}],"replies":[{"embeddable":true,"href":"https:\/\/www.focolare.org\/es\/wp-json\/wp\/v2\/comments?post=325742"}],"version-history":[{"count":0,"href":"https:\/\/www.focolare.org\/es\/wp-json\/wp\/v2\/posts\/325742\/revisions"}],"wp:attachment":[{"href":"https:\/\/www.focolare.org\/es\/wp-json\/wp\/v2\/media?parent=325742"}],"wp:term":[{"taxonomy":"category","embeddable":true,"href":"https:\/\/www.focolare.org\/es\/wp-json\/wp\/v2\/categories?post=325742"},{"taxonomy":"post_tag","embeddable":true,"href":"https:\/\/www.focolare.org\/es\/wp-json\/wp\/v2\/tags?post=325742"}],"curies":[{"name":"wp","href":"https:\/\/api.w.org\/{rel}","templated":true}]}}