{"id":325782,"date":"2017-03-04T04:00:49","date_gmt":"2017-03-04T03:00:49","guid":{"rendered":"https:\/\/www.focolare.org\/chiara-lubichla-familia-es-el-futuro\/"},"modified":"2024-05-16T14:55:10","modified_gmt":"2024-05-16T12:55:10","slug":"chiara-lubichla-familia-es-el-futuro","status":"publish","type":"post","link":"https:\/\/www.focolare.org\/es\/chiara-lubichla-familia-es-el-futuro\/","title":{"rendered":"Chiara Lubich:\u201cLa familia es el futuro\u201d"},"content":{"rendered":"<p><img loading=\"lazy\" decoding=\"async\" class=\"alignright wp-image-148842\" src=\"https:\/\/www.focolare.org\/wp-content\/uploads\/2017\/03\/20170304-a.jpg\" alt=\"20170304-a\" width=\"360\" height=\"170\" \/>[\u2026] <strong>Jes\u00fas dijo:<\/strong> <em>\u201cDonde dos o m\u00e1s est\u00e1n reunidos en mi nombre \u2013 que quiere decir en mi amor- all\u00ed estoy yo en medio de ellos<\/em>\u201d. Es una espl\u00e9ndida posibilidad ofrecida tambi\u00e9n a la familia, la de convertirse en sede de la presencia de Dios.  <strong>Para una familia que vive as\u00ed<\/strong>, nada de lo que sucede a su alrededor le es ajeno. Simplemente, siendo como es, tiene la capacidad de dar testimonio, anunciar, sanar el tejido social que la rodea, porque la vida habla y obra por s\u00ed misma. Por experiencia propia s\u00e9 que una familia as\u00ed sabe abrir las puertas y el coraz\u00f3n a las necesidades y a los dramas que afectan a la sociedad, a sus soledades y a sus marginaciones. Sabe incluso concretar y organizar la solidaridad en c\u00edrculos cada vez m\u00e1s amplios, hasta llegar a promover acciones eficaces que influyen en las instituciones, impiden la aprobaci\u00f3n de leyes y disposiciones equivocadas, orientan a los pol\u00edticos. Por la presencia y la actividad de sus miembros en los distintos sectores de la sociedad, una familia as\u00ed sabe tambi\u00e9n entablar un di\u00e1logo con las instituciones, recabar los recursos para cubrir necesidades concretas, crear la conciencia y las condiciones para pol\u00edticas familiares adecuadas y para crear corrientes de opini\u00f3n basadas en los valores.  <strong>Creo que en el mundo no exista nada m\u00e1s hermoso que una familia as\u00ed.<\/strong> Porque, pregunt\u00e9monos, en el fondo \u00bfqu\u00e9 busca la Humanidad? La felicidad. \u00bfD\u00f3nde va a buscarla? En el amor, en la belleza, y con tal de obtenerla est\u00e1 dispuesta a cualquier cosa. All\u00ed, en aquellas familias existe la plenitud del amor humano y la belleza del amor sobrenatural.  <strong>Conozco familias as\u00ed y son realmente maravillosas<\/strong>. Ejercen una gran atracci\u00f3n sobre todos. Aparentemente parecen familias como las dem\u00e1s, pero esconden un secreto, un secreto de amor: el dolor amado las une a Cristo que habita en sus casas, atra\u00eddo por el amor rec\u00edproco que las une, y con ellas \u2013 con estas familias \u2013 \u00c9l est\u00e1 transformando el mundo. He querido compartir con ustedes estas reflexiones, que he recogido del fondo de mi coraz\u00f3n y de las experiencias de muchas, muchas familias. Querr\u00eda suscitar en todos nosotros un compromiso concreto para trabajar con todos los medios posibles para el bien verdadero de la familia. En efecto, es demasiado importante la salud de la primera c\u00e9lula de la sociedad para los destinos de la Humanidad entera.  \u201cSalvar a la familia \u2013 escribi\u00f3 el gran escritor <a href=\"https:\/\/www.focolare.org\/es\/chiara-lubich\/chi-e-chiara\/igino-giordani\/\">Igino Giordan<\/a>i \u2013 es salvar la civilizaci\u00f3n. La naci\u00f3n est\u00e1 compuesta por familias; si \u00e9stas perecen, tambi\u00e9n aquella vacila\u201d Y a\u00f1adi\u00f3: \u201cLos esposos se hacen colaboradores de Dios en el dar a la Humanidad vida y amor. [\u2026]\u00a0 Amor que de la familia se extiende a la profesi\u00f3n, a la ciudad, a la naci\u00f3n,\u00a0 a la Humanidad, propag\u00e1ndose como una onda en c\u00edrculos conc\u00e9ntricos que llegan al infinito. Desde hace veinte siglos arde un anhelo revolucionario, encendido por el Evangelio, y pide amor\u201d.  <a href=\"https:\/\/www.focolare.org\/es\/chiara-lubich\/\">Chiara Lubich<\/a>  Mira el <a href=\"http:\/\/www.centrochiaralubich.org\/es\/documentos\/videos-es\/1209-la-familia-es-el-futuro.html\" target=\"_blank\" rel=\"noopener\">video integral<\/a><\/p>\n","protected":false},"excerpt":{"rendered":"<p><img loading=\"lazy\" decoding=\"async\" class=\"alignleft\" src=\"https:\/\/www.focolare.org\/wp-content\/uploads\/2017\/01\/Logo_FN_Comunicato_sul_Sito-e1484300323575.jpg\" alt=\"\" width=\"56\" height=\"56\" \/>Con motivo del pr\u00f3ximo evento  en la ciudadela de Loppiano (10-12 marzo) que celebrar\u00e1 el 9\u00b0 aniversario del fallecimiento de Chiara Lubich y el 50\u00ba aniversario de Familias Nuevas, publicamos algunos fragmentos de la intervenci\u00f3n de la fundadora de los Focolares, en Lucerna (Suiza) en 1999.<\/p>\n","protected":false},"author":34,"featured_media":0,"comment_status":"open","ping_status":"open","sticky":false,"template":"","format":"standard","meta":{"give_campaign_id":0,"_seopress_robots_primary_cat":"","_seopress_titles_title":"","_seopress_titles_desc":"","_seopress_robots_index":"","_et_pb_use_builder":"","_et_pb_old_content":"","_et_gb_content_width":"","footnotes":""},"categories":[46],"tags":[],"class_list":["post-325782","post","type-post","status-publish","format-standard","hentry","category-sin-categorizar"],"_links":{"self":[{"href":"https:\/\/www.focolare.org\/es\/wp-json\/wp\/v2\/posts\/325782","targetHints":{"allow":["GET"]}}],"collection":[{"href":"https:\/\/www.focolare.org\/es\/wp-json\/wp\/v2\/posts"}],"about":[{"href":"https:\/\/www.focolare.org\/es\/wp-json\/wp\/v2\/types\/post"}],"author":[{"embeddable":true,"href":"https:\/\/www.focolare.org\/es\/wp-json\/wp\/v2\/users\/34"}],"replies":[{"embeddable":true,"href":"https:\/\/www.focolare.org\/es\/wp-json\/wp\/v2\/comments?post=325782"}],"version-history":[{"count":0,"href":"https:\/\/www.focolare.org\/es\/wp-json\/wp\/v2\/posts\/325782\/revisions"}],"wp:attachment":[{"href":"https:\/\/www.focolare.org\/es\/wp-json\/wp\/v2\/media?parent=325782"}],"wp:term":[{"taxonomy":"category","embeddable":true,"href":"https:\/\/www.focolare.org\/es\/wp-json\/wp\/v2\/categories?post=325782"},{"taxonomy":"post_tag","embeddable":true,"href":"https:\/\/www.focolare.org\/es\/wp-json\/wp\/v2\/tags?post=325782"}],"curies":[{"name":"wp","href":"https:\/\/api.w.org\/{rel}","templated":true}]}}