{"id":325830,"date":"2017-03-21T14:08:50","date_gmt":"2017-03-21T13:08:50","guid":{"rendered":"https:\/\/www.focolare.org\/maria-voce-sobre-el-card-vlk\/"},"modified":"2024-05-16T14:55:19","modified_gmt":"2024-05-16T12:55:19","slug":"maria-voce-sobre-el-card-vlk","status":"publish","type":"post","link":"https:\/\/www.focolare.org\/es\/maria-voce-sobre-el-card-vlk\/","title":{"rendered":"Mar\u00eda Voce sobre el Card. Vlk"},"content":{"rendered":"<p><img loading=\"lazy\" decoding=\"async\" class=\"alignright wp-image-149669\" src=\"https:\/\/www.focolare.org\/wp-content\/uploads\/2017\/03\/Cardinal_Miloslav_Vlk1.jpg\" alt=\"Cardinal_Miloslav_Vlk\" width=\"300\" height=\"159\" \/><strong>\u201cPrecioso don\u201d, \u201cvivo testigo del Carisma de la unidad\u201d y \u201cverdadera Palabra vivida\u201d. As\u00ed define <a href=\"https:\/\/www.focolare.org\/es\/news\/2014\/09\/15\/maria-voce\/\">Mar\u00eda Voce<\/a>, <a href=\"https:\/\/www.focolare.org\/es\/la-presidente\/\">presidente<\/a> del <a href=\"https:\/\/www.focolare.org\/es\/chi-siamo\/\">Movimiento de los Focolares<\/a>, al Card. Miloslav Vlk,<\/strong> fallecido el s\u00e1bado 18 de marzo en Praga.  <strong>En una comunicaci\u00f3n<\/strong> a todos los miembros del Movimiento Mar\u00eda Voce pone en evidencia cu\u00e1n \u201cedificante\u201d ha sido el modo en el que Vlk ha vivido el \u00faltimo per\u00edodo de su vida, caracterizado por la disminuci\u00f3n de las fuerzas pero al mismo tiempo por \u201cuna actitud de continua gratitud a Dios por los dones recibidos de \u00c9l\u201d.  <strong>Subraya el \u201cprofund\u00edsimo v\u00ednculo\u201d del Cardenal con el Movimiento de los Focolares<\/strong> \u201cdesde los inicios de su ministerio clandestino en la entonces Checoslovaquia bajo el r\u00e9gimen comunista\u201d.  Expresa la profunda gratitud por el gran compromiso y la dedicaci\u00f3n con la que durante 18 a\u00f1os desarroll\u00f3 la tarea de moderador del grupo de los Obispos que se declaran \u201camigos del Movimiento\u201d, cuya actividad sigui\u00f3 con vivo inter\u00e9s y participaci\u00f3n incluso desde el hospital.  <strong>Mar\u00eda Voce recuerda<\/strong> que el Card. Miloslav estuvo \u201ccircundado por las oraciones, tanto de su Comunidad diocesana como de los miembros del Movimiento y de los amigos de otras denominaciones cristianas, hebreos y musulmanes con los que recorri\u00f3, durante a\u00f1os, un camino de di\u00e1logo\u201d. Y hace referencia a los \u201cnumerosos testimonios sobre su ejemplo de humildad, de comuni\u00f3n y sabidur\u00eda evang\u00e9lica que subrayan su capacidad de hacerse \u2018hermano\u2019 con sencillez junto a los hermanos y al mismo tiempo expresar su autoridad de \u2018padre\u2019 sabiendo entusiasmar y motivar a quienes ten\u00eda a su lado\u201d.  \u201cEstamos delante de una gran herencia\u201d, <strong>concluye Mar\u00eda Voce<\/strong>. \u201cUna herencia que se ha de recoger y descubrir m\u00e1s profundamente\u201d.  &nbsp;<\/p>\n","protected":false},"excerpt":{"rendered":"<p>\u201cEstamos delante de una gran herencia que se ha de recoger y descubrir m\u00e1s profundamente\u201d. As\u00ed se expresa Mar\u00eda Voce dando la noticia a los miembros de los Focolares del fallecimiento del Cardenal Vlk.<\/p>\n","protected":false},"author":34,"featured_media":0,"comment_status":"open","ping_status":"open","sticky":false,"template":"","format":"standard","meta":{"give_campaign_id":0,"_seopress_robots_primary_cat":"","_seopress_titles_title":"","_seopress_titles_desc":"","_seopress_robots_index":"","_et_pb_use_builder":"","_et_pb_old_content":"","_et_gb_content_width":"","footnotes":""},"categories":[46],"tags":[],"class_list":["post-325830","post","type-post","status-publish","format-standard","hentry","category-sin-categorizar"],"_links":{"self":[{"href":"https:\/\/www.focolare.org\/es\/wp-json\/wp\/v2\/posts\/325830","targetHints":{"allow":["GET"]}}],"collection":[{"href":"https:\/\/www.focolare.org\/es\/wp-json\/wp\/v2\/posts"}],"about":[{"href":"https:\/\/www.focolare.org\/es\/wp-json\/wp\/v2\/types\/post"}],"author":[{"embeddable":true,"href":"https:\/\/www.focolare.org\/es\/wp-json\/wp\/v2\/users\/34"}],"replies":[{"embeddable":true,"href":"https:\/\/www.focolare.org\/es\/wp-json\/wp\/v2\/comments?post=325830"}],"version-history":[{"count":0,"href":"https:\/\/www.focolare.org\/es\/wp-json\/wp\/v2\/posts\/325830\/revisions"}],"wp:attachment":[{"href":"https:\/\/www.focolare.org\/es\/wp-json\/wp\/v2\/media?parent=325830"}],"wp:term":[{"taxonomy":"category","embeddable":true,"href":"https:\/\/www.focolare.org\/es\/wp-json\/wp\/v2\/categories?post=325830"},{"taxonomy":"post_tag","embeddable":true,"href":"https:\/\/www.focolare.org\/es\/wp-json\/wp\/v2\/tags?post=325830"}],"curies":[{"name":"wp","href":"https:\/\/api.w.org\/{rel}","templated":true}]}}