{"id":325834,"date":"2017-03-23T03:10:28","date_gmt":"2017-03-23T02:10:28","guid":{"rendered":"https:\/\/www.focolare.org\/costa-rica-el-arte-crea-un-cambio-social\/"},"modified":"2024-05-16T14:55:19","modified_gmt":"2024-05-16T12:55:19","slug":"costa-rica-el-arte-crea-un-cambio-social","status":"publish","type":"post","link":"https:\/\/www.focolare.org\/es\/costa-rica-el-arte-crea-un-cambio-social\/","title":{"rendered":"Costa Rica: El arte crea\u2026 un cambio social"},"content":{"rendered":"<p><iframe loading=\"lazy\" title=\"El arte que crea... el cambio social (Costa Rica)\" src=\"https:\/\/player.vimeo.com\/video\/203269746?dnt=1&amp;app_id=122963\" width=\"1080\" height=\"608\" frameborder=\"0\" allow=\"autoplay; fullscreen; picture-in-picture; clipboard-write\"><\/iframe><\/p>\n","protected":false},"excerpt":{"rendered":"<p>Tina y Sandro promueven fraternidad entre los migrantes. \u00abF Proyecto CR\u00bb les ofrece no s\u00f3lo las necesidades b\u00e1sicas, sino tambi\u00e9n las formas de arte que nutren el alma.<\/p>\n","protected":false},"author":34,"featured_media":0,"comment_status":"open","ping_status":"open","sticky":false,"template":"","format":"standard","meta":{"give_campaign_id":0,"_seopress_robots_primary_cat":"","_seopress_titles_title":"","_seopress_titles_desc":"","_seopress_robots_index":"","_et_pb_use_builder":"","_et_pb_old_content":"","_et_gb_content_width":"","footnotes":""},"categories":[46],"tags":[],"class_list":["post-325834","post","type-post","status-publish","format-standard","hentry","category-sin-categorizar"],"_links":{"self":[{"href":"https:\/\/www.focolare.org\/es\/wp-json\/wp\/v2\/posts\/325834","targetHints":{"allow":["GET"]}}],"collection":[{"href":"https:\/\/www.focolare.org\/es\/wp-json\/wp\/v2\/posts"}],"about":[{"href":"https:\/\/www.focolare.org\/es\/wp-json\/wp\/v2\/types\/post"}],"author":[{"embeddable":true,"href":"https:\/\/www.focolare.org\/es\/wp-json\/wp\/v2\/users\/34"}],"replies":[{"embeddable":true,"href":"https:\/\/www.focolare.org\/es\/wp-json\/wp\/v2\/comments?post=325834"}],"version-history":[{"count":0,"href":"https:\/\/www.focolare.org\/es\/wp-json\/wp\/v2\/posts\/325834\/revisions"}],"wp:attachment":[{"href":"https:\/\/www.focolare.org\/es\/wp-json\/wp\/v2\/media?parent=325834"}],"wp:term":[{"taxonomy":"category","embeddable":true,"href":"https:\/\/www.focolare.org\/es\/wp-json\/wp\/v2\/categories?post=325834"},{"taxonomy":"post_tag","embeddable":true,"href":"https:\/\/www.focolare.org\/es\/wp-json\/wp\/v2\/tags?post=325834"}],"curies":[{"name":"wp","href":"https:\/\/api.w.org\/{rel}","templated":true}]}}