{"id":325898,"date":"2017-04-08T01:10:54","date_gmt":"2017-04-07T23:10:54","guid":{"rendered":"https:\/\/www.focolare.org\/burkina-faso-el-regreso-de-un-hijo\/"},"modified":"2024-05-16T14:55:31","modified_gmt":"2024-05-16T12:55:31","slug":"burkina-faso-el-regreso-de-un-hijo","status":"publish","type":"post","link":"https:\/\/www.focolare.org\/es\/burkina-faso-el-regreso-de-un-hijo\/","title":{"rendered":"Burkina Faso: el regreso de un hijo"},"content":{"rendered":"<p><strong><img loading=\"lazy\" decoding=\"async\" class=\"alignleft wp-image-150462\" src=\"https:\/\/www.focolare.org\/wp-content\/uploads\/2017\/04\/BurkinaFaso.jpg\" alt=\"BurkinaFaso\" width=\"250\" height=\"373\" \/>F\u00e9licit\u00e9: <\/strong>Hab\u00edamos colocado todas nuestras esperanzas en nuestro hijo mayor. Era de verdad el m\u00e1s brillante de nuestros hijos: inteligente, colaborador, capaz. En 2008 gan\u00e9 un concurso como epidemi\u00f3loga y me tuve que mudar a Bobo-Dioulasso, en Burkina Faso. Mi marido en cambio se qued\u00f3 en Ben\u00edn: ten\u00eda que ocuparse de las dos empresas de la familia que debido a la fuerte recesi\u00f3n econ\u00f3mica estaban en crisis. Pero la soledad y la gran preocupaci\u00f3n perjudicaron su salud. Preocupados por los hechos, decidimos cerrar una de las dos empresas y confiar la gesti\u00f3n de la otra \u2013 una agencia de viajes- a nuestro hijo.  <strong>Isaac: <\/strong>Para recuperarme fui a Burkina a encontrarme con F\u00e9licit\u00e9, pero de vez en cuando volv\u00eda a Ben\u00edn para asegurarme del buen manejo de los negocios. Aunque notaba que algunas reglas no estaban siendo respetadas, no me hab\u00eda dado cuenta del enorme agujero econ\u00f3mico que en dos a\u00f1os llev\u00f3 la empresa a la quiebra. Como los pagos no estaban siendo respetados, confiscaron todos los bienes de la sociedad y cerraron las cuentas bancarias. Estando en Ben\u00edn descubr\u00ed que nuestro hijo hab\u00eda sido enga\u00f1ado. Teniendo todav\u00eda confianza en \u00e9l, le di algunos cheques firmados en blanco. Pero imprevistamente desapareci\u00f3: nadie ten\u00eda noticias suyas, no sab\u00edamos si estaba vivo o muerto. La deuda era alt\u00edsima y yo, siendo todav\u00eda el titular de la empresa, corr\u00eda el riesgo de ir a la prisi\u00f3n. Con F\u00e9licit\u00e9 nos comprometimos en pagos en cuotas, convenciendo a los acreedores que era una v\u00edctima inocente de la mala administraci\u00f3n de nuestro hijo. \u00bfC\u00f3mo pod\u00eda imaginar que mi hijo mayor habr\u00eda abusado de mi confianza y que, peor, habr\u00eda desaparecido sin dejar huella? \u00c9l no era m\u00e1s mi hijo. No me quedaba otra cosa que hacer, que borrarlo completamente de la memoria.  <strong>F\u00e9licit\u00e9:<\/strong> Para m\u00ed la herida era m\u00e1s profunda. Tem\u00eda que, por no enfrentar la ira de nosotros sus padres, se hubiese suicidado o hubiera sido raptado por los acreedores. Viv\u00ed unos meses dur\u00edsimos. Fue muy grande la sorpresa cuando, en ocasi\u00f3n de mi cumplea\u00f1os, recib\u00ed sus saludos a trav\u00e9s de internet. Isaac, sin embargo, no quer\u00eda perdonarlo y mucho menos buscarlo. Justo en ese per\u00edodo fuimos invitados a un encuentro en Costa de Marfil organizado por los Focolares. All\u00ed, en un video, vimos que Chiara Lubich explicaba que, en las situaciones dif\u00edciles hay que ser como la gallina que cuando un pollito se cae en una zanja, baja con todos los pollitos a buscar a \u00e9se que se cay\u00f3. Muy impresionados por esta ense\u00f1anza, compartimos nuestra situaci\u00f3n con las otras familias y todas nos animaron a ir a buscar a nuestro hijo.  <strong><img loading=\"lazy\" decoding=\"async\" class=\"wp-image-150460 alignright\" src=\"https:\/\/www.focolare.org\/wp-content\/uploads\/2017\/04\/20170408-01.jpg\" alt=\"20170408-01\" width=\"350\" height=\"249\" \/><\/strong>La misericordia venci\u00f3 a la c\u00f3lera. Despu\u00e9s de una misa para confiarle al Se\u00f1or el largo viaje, fuimos a N\u00edger pues un amigo suyo nos hab\u00eda dado un n\u00famero de tel\u00e9fono de ese pa\u00eds. Era la \u00fanica referencia que ten\u00edamos. Despu\u00e9s de haber atravesado dos pa\u00edses, llegamos a la capital, lo llamamos y \u00e9l lleg\u00f3 enseguida al estacionamiento donde est\u00e1bamos. Estaba muy contento de vernos y sobre todo de experimentar nuestro amor a pesar de todo. Hab\u00eda adelgazado mucho, estaba lleno de problemas que bien o mal trataba de resolver. Nosotros le aseguramos que la soluci\u00f3n la habr\u00edamos encontrado juntos. La acogida y la paz que hab\u00eda vuelto le permitieron retomar vuelo, que se concret\u00f3 con algunas importantes etapas resolutivas: arrepentimiento, vuelta a Dios y a la oraci\u00f3n, renacimiento profesional, noviazgo y matrimonio.  <strong>Isaac:<\/strong> Finalizando esta experiencia, podemos decir que comprobamos que la Misericordia y la Paz son las armas que no hacen libres.<\/p>\n","protected":false},"excerpt":{"rendered":"<p>Para F\u00e9licit\u00e9 e Isaac era impensable la reconciliaci\u00f3n con el hijo que hab\u00eda llevado a la quiebra la empresa de la familia y que hab\u00eda desaparecido en la nada, pero la misericordia venci\u00f3 sobre la c\u00f3lera.<\/p>\n","protected":false},"author":34,"featured_media":0,"comment_status":"open","ping_status":"open","sticky":false,"template":"","format":"standard","meta":{"give_campaign_id":0,"_seopress_robots_primary_cat":"","_seopress_titles_title":"","_seopress_titles_desc":"","_seopress_robots_index":"","_et_pb_use_builder":"","_et_pb_old_content":"","_et_gb_content_width":"","footnotes":""},"categories":[904],"tags":[],"class_list":["post-325898","post","type-post","status-publish","format-standard","hentry","category-focolare-worldwide-2-2"],"_links":{"self":[{"href":"https:\/\/www.focolare.org\/es\/wp-json\/wp\/v2\/posts\/325898","targetHints":{"allow":["GET"]}}],"collection":[{"href":"https:\/\/www.focolare.org\/es\/wp-json\/wp\/v2\/posts"}],"about":[{"href":"https:\/\/www.focolare.org\/es\/wp-json\/wp\/v2\/types\/post"}],"author":[{"embeddable":true,"href":"https:\/\/www.focolare.org\/es\/wp-json\/wp\/v2\/users\/34"}],"replies":[{"embeddable":true,"href":"https:\/\/www.focolare.org\/es\/wp-json\/wp\/v2\/comments?post=325898"}],"version-history":[{"count":0,"href":"https:\/\/www.focolare.org\/es\/wp-json\/wp\/v2\/posts\/325898\/revisions"}],"wp:attachment":[{"href":"https:\/\/www.focolare.org\/es\/wp-json\/wp\/v2\/media?parent=325898"}],"wp:term":[{"taxonomy":"category","embeddable":true,"href":"https:\/\/www.focolare.org\/es\/wp-json\/wp\/v2\/categories?post=325898"},{"taxonomy":"post_tag","embeddable":true,"href":"https:\/\/www.focolare.org\/es\/wp-json\/wp\/v2\/tags?post=325898"}],"curies":[{"name":"wp","href":"https:\/\/api.w.org\/{rel}","templated":true}]}}