{"id":326016,"date":"2017-05-21T01:10:12","date_gmt":"2017-05-20T23:10:12","guid":{"rendered":"https:\/\/www.focolare.org\/diversidad-cultural-para-el-dialogo-y-el-desarrollo\/"},"modified":"2024-05-16T14:55:52","modified_gmt":"2024-05-16T12:55:52","slug":"diversidad-cultural-para-el-dialogo-y-el-desarrollo","status":"publish","type":"post","link":"https:\/\/www.focolare.org\/es\/diversidad-cultural-para-el-dialogo-y-el-desarrollo\/","title":{"rendered":"Diversidad cultural para el di\u00e1logo y el desarrollo"},"content":{"rendered":"<p>El 21 mayo es una fecha importante para los que trabajan en favor del di\u00e1logo y la cooperaci\u00f3n internacional, intercultural e interreligiosa: todo el mundo celebra, hoy, la Jornada Mundial de la Diversidad cultural para el Di\u00e1logo y el Desarrollo, institu\u00edda por la ONU en el 2002, luego de la adopci\u00f3n por parte de la UNESCO de la Declaraci\u00f3n Universal de la Diversidad Cultural, en el 2001. La Jornada representa una invitaci\u00f3n dirigida a todos &#8211; sociedad civil, organizaciones, individuos, asociaciones &#8211; a que promuevan la colaboraci\u00f3n y el encuentro entre publos y culturas, en una \u00f3ptica que valoriza y sostiene, en el respeto rec\u00edproco.<\/p>\n","protected":false},"excerpt":{"rendered":"<p>El 21 mayo es una fecha importante para los que trabajan en favor del di\u00e1logo y la cooperaci\u00f3n internacional, intercultural e interreligiosa: todo el mundo celebra, hoy, la Jornada Mundial de la Diversidad cultural para el Di\u00e1logo y el Desarrollo, institu\u00edda por la ONU en el 2002, luego de la adopci\u00f3n por parte de la [&hellip;]<\/p>\n","protected":false},"author":34,"featured_media":0,"comment_status":"open","ping_status":"open","sticky":false,"template":"","format":"standard","meta":{"give_campaign_id":0,"_seopress_robots_primary_cat":"","_seopress_titles_title":"","_seopress_titles_desc":"","_seopress_robots_index":"","_et_pb_use_builder":"","_et_pb_old_content":"","_et_gb_content_width":"","footnotes":""},"categories":[46],"tags":[],"class_list":["post-326016","post","type-post","status-publish","format-standard","hentry","category-sin-categorizar"],"_links":{"self":[{"href":"https:\/\/www.focolare.org\/es\/wp-json\/wp\/v2\/posts\/326016","targetHints":{"allow":["GET"]}}],"collection":[{"href":"https:\/\/www.focolare.org\/es\/wp-json\/wp\/v2\/posts"}],"about":[{"href":"https:\/\/www.focolare.org\/es\/wp-json\/wp\/v2\/types\/post"}],"author":[{"embeddable":true,"href":"https:\/\/www.focolare.org\/es\/wp-json\/wp\/v2\/users\/34"}],"replies":[{"embeddable":true,"href":"https:\/\/www.focolare.org\/es\/wp-json\/wp\/v2\/comments?post=326016"}],"version-history":[{"count":0,"href":"https:\/\/www.focolare.org\/es\/wp-json\/wp\/v2\/posts\/326016\/revisions"}],"wp:attachment":[{"href":"https:\/\/www.focolare.org\/es\/wp-json\/wp\/v2\/media?parent=326016"}],"wp:term":[{"taxonomy":"category","embeddable":true,"href":"https:\/\/www.focolare.org\/es\/wp-json\/wp\/v2\/categories?post=326016"},{"taxonomy":"post_tag","embeddable":true,"href":"https:\/\/www.focolare.org\/es\/wp-json\/wp\/v2\/tags?post=326016"}],"curies":[{"name":"wp","href":"https:\/\/api.w.org\/{rel}","templated":true}]}}