{"id":326036,"date":"2017-05-28T01:01:47","date_gmt":"2017-05-27T23:01:47","guid":{"rendered":"https:\/\/www.focolare.org\/el-evangelio-vivido-estoy-con-ustedes-todos-los-dias\/"},"modified":"2024-05-16T14:55:56","modified_gmt":"2024-05-16T12:55:56","slug":"el-evangelio-vivido-estoy-con-ustedes-todos-los-dias","status":"publish","type":"post","link":"https:\/\/www.focolare.org\/es\/el-evangelio-vivido-estoy-con-ustedes-todos-los-dias\/","title":{"rendered":"El Evangelio vivido: \u201cEstoy con ustedes todos los d\u00edas\u201d"},"content":{"rendered":"<p><strong>Los impuestos en cuotas<\/strong>  \u00abEst\u00e1bamos esperando a nuestro tercer hijo. El poco ahorro que ten\u00edamos hab\u00eda desaparecido en los cambios bancarios no favorables y los bancos comenzaron a no dar m\u00e1s pr\u00e9stamos. Un d\u00eda, repentinamente, nos llega la noticia que ten\u00edamos que pagar una elevada cantidad de impuestos. \u00bfDe d\u00f3nde sacar el dinero si lo que ten\u00edamos nos alcanzaba apenas para vivir? En esta dif\u00edcil situaci\u00f3n nos confiamos todo a Dios, al Padre que no abandona a sus hijos. Despu\u00e9s fuimos a preguntar en la\u00a0 Intendencia si pod\u00edamos pagar en cuotas y &#8230; \u00a1Sorpresa!. Fuimos los \u00fanicos a quienes se les concedi\u00f3 esta posibilidad\u00bb X. A.- <a href=\"https:\/\/www.focolare.org\/es\/focolare-worldwide\/europa\/croazia\/\">Croacia<\/a>  <strong>Representante de libros<\/strong>  <strong><img loading=\"lazy\" decoding=\"async\" class=\"wp-image-152265 alignright\" src=\"https:\/\/www.focolare.org\/wp-content\/uploads\/2017\/05\/20170526-a.jpg\" alt=\"20170526-a\" width=\"300\" height=\"142\" \/><\/strong>\u00abTrabajaba como representante de una editorial. En la primera exposici\u00f3n no vend\u00ed nada. As\u00ed pas\u00f3 tambi\u00e9n la segunda vez. La tercera fue peor: no hab\u00eda espacio en la sala del encuentro y ten\u00eda que conformarme con un lugar muy feo en el piso de abajo, lejos del paso de las personas durante los intervalos. No hab\u00eda ascensor. Y tuve que llevar las enormes cajas en mis brazos, sudando por el terrible calor. Mientras tanto me dec\u00eda: \u201c\u00bfPero qui\u00e9n te hace hacer esto?\u201d Al pasar delante de la capilla, entr\u00e9 para desahogarme con Jes\u00fas, que parec\u00eda que desde el tabern\u00e1culo me dec\u00eda: \u201c\u00bfQu\u00e9 est\u00e1s haciendo?\u201d \u201cLa voluntad de Dios \u2013 le respond\u00ed- me estoy esforzando por trabajar\u201d \u201cEntonces, qu\u00e9date tranquila, yo me encargo\u201d. Para la exposici\u00f3n tuve que usar sillas ya que faltaban mesas. Pas\u00f3 un sacerdote, hoje\u00f3 un volumen de una gran enciclopedia de santos y exclam\u00f3: \u201c\u00a1No es posible! \u00a1Hace a\u00f1os que la estoy buscando!. La compr\u00f3 y desde ese momento, empec\u00e9 a vender\u00bb Marta \u2013 <a href=\"https:\/\/www.focolare.org\/es\/focolare-worldwide\/europa\/italia\/\">Italia<\/a>  <strong>Hacer de padre<\/strong>  \u00abAntes de que yo naciera mi padre abandon\u00f3 a mi madre. Sufr\u00eda por esta ausencia y no le perdonaba que se hubiera ido. Cuando ten\u00eda 17 a\u00f1os fui a buscarlo, esperando establecer una relaci\u00f3n inexistente. Lamentablemente, en \u00e9l encontr\u00e9 s\u00f3lo indiferencia y tambi\u00e9n la convivencia con su esposa era dif\u00edcil. En el mismo per\u00edodo conoc\u00ed a algunos j\u00f3venes que viv\u00edan el Evangelio, y, a trav\u00e9s de ellos, conoc\u00ed mejor a Dios. M\u00e1s adelante, cuando estaba estudiando en la Universidad, comenc\u00e9 a trabajar en un proyecto social en contacto con ni\u00f1os abandonados. El dolor vivido me hab\u00eda hecho m\u00e1s sensible al de los dem\u00e1s, en quienes ahora trataba de amar a Jes\u00fas crucificado. Poco a poco me convert\u00ed en un punto de referencia para muchos de esos peque\u00f1os, a tal punto que me llamaban pap\u00e1. En cuanto a la relaci\u00f3n con mi padre, todav\u00eda hoy es un desaf\u00edo: me esfuerzo por verlo con ojos nuevos, tomando yo la iniciativa\u00bb J. L. \u2013 <a href=\"https:\/\/www.focolare.org\/es\/focolare-worldwide\/america-sud\/brasile\/\">Brasil<\/a>  &nbsp;<\/p>\n","protected":false},"excerpt":{"rendered":"<p>La promesa que Jes\u00fas hizo a sus disc\u00edpulos nos alienta a buscar a Dios en nuestro camino.<\/p>\n","protected":false},"author":34,"featured_media":0,"comment_status":"open","ping_status":"open","sticky":false,"template":"","format":"standard","meta":{"give_campaign_id":0,"_seopress_robots_primary_cat":"","_seopress_titles_title":"","_seopress_titles_desc":"","_seopress_robots_index":"","_et_pb_use_builder":"","_et_pb_old_content":"","_et_gb_content_width":"","footnotes":""},"categories":[46],"tags":[],"class_list":["post-326036","post","type-post","status-publish","format-standard","hentry","category-sin-categorizar"],"_links":{"self":[{"href":"https:\/\/www.focolare.org\/es\/wp-json\/wp\/v2\/posts\/326036","targetHints":{"allow":["GET"]}}],"collection":[{"href":"https:\/\/www.focolare.org\/es\/wp-json\/wp\/v2\/posts"}],"about":[{"href":"https:\/\/www.focolare.org\/es\/wp-json\/wp\/v2\/types\/post"}],"author":[{"embeddable":true,"href":"https:\/\/www.focolare.org\/es\/wp-json\/wp\/v2\/users\/34"}],"replies":[{"embeddable":true,"href":"https:\/\/www.focolare.org\/es\/wp-json\/wp\/v2\/comments?post=326036"}],"version-history":[{"count":0,"href":"https:\/\/www.focolare.org\/es\/wp-json\/wp\/v2\/posts\/326036\/revisions"}],"wp:attachment":[{"href":"https:\/\/www.focolare.org\/es\/wp-json\/wp\/v2\/media?parent=326036"}],"wp:term":[{"taxonomy":"category","embeddable":true,"href":"https:\/\/www.focolare.org\/es\/wp-json\/wp\/v2\/categories?post=326036"},{"taxonomy":"post_tag","embeddable":true,"href":"https:\/\/www.focolare.org\/es\/wp-json\/wp\/v2\/tags?post=326036"}],"curies":[{"name":"wp","href":"https:\/\/api.w.org\/{rel}","templated":true}]}}