{"id":326060,"date":"2017-06-03T16:28:23","date_gmt":"2017-06-03T14:28:23","guid":{"rendered":"https:\/\/www.focolare.org\/gracias-por-trabajar-por-la-unidad-de-los-cristianos\/"},"modified":"2024-05-16T14:56:00","modified_gmt":"2024-05-16T12:56:00","slug":"gracias-por-trabajar-por-la-unidad-de-los-cristianos","status":"publish","type":"post","link":"https:\/\/www.focolare.org\/es\/gracias-por-trabajar-por-la-unidad-de-los-cristianos\/","title":{"rendered":"\u00abGracias por trabajar por la unidad de los cristianos\u00bb"},"content":{"rendered":"<p><strong><a href=\"https:\/\/www.focolare.org\/wp-content\/uploads\/2017\/06\/Emmaus-e-Carismatici.jpg\"><img loading=\"lazy\" decoding=\"async\" class=\"alignright wp-image-153003\" src=\"https:\/\/www.focolare.org\/wp-content\/uploads\/2017\/06\/Emmaus-e-Carismatici.jpg\" alt=\"Emmaus e Carismatici\" width=\"200\" height=\"201\" \/><\/a>Un gracias por parte del papa Francisco, una constataci\u00f3n y un deseo<\/strong><em><strong>:<\/strong> \u00abGracias por lo que hacen, por trabajar por la unidad de los cristianos, todos juntos, como el Se\u00f1or quiere. Caminamos juntos, ayudando a los pobres juntos, caridad juntos, educar juntos: todos juntos\u00bb.<\/em>  <strong>Adem\u00e1s<\/strong>: \u00abY que los te\u00f3logos trabajen por su parte y nos ayuden. Pero siempre en movimiento, nunca parar, nunca detenerse; y juntos. Es lo que espero, doy gracias porque s\u00e9 que lo hacen\u00bb.  <strong>Palabras que<\/strong> <a href=\"https:\/\/www.focolare.org\/es\/news\/2014\/09\/15\/maria-voce\/\" target=\"_blank\" rel=\"noopener\">Maria Voce<\/a>,<strong> invitada con l\u00edderes evang\u00e9licos a participar en la audiencia, coment\u00f3<\/strong><em>: <\/em>\u00abHa sido un encuentro muy breve, pero personalizado; el Papa ha saludado a todos, uno por uno y nos ha querido a todos en c\u00edrculo en el Consistorio justamente para poder saludarnos personalmente.  Despu\u00e9s se detuvo unos minutos para expresarnos su gratitud por esta visita. Me ha parecido una se\u00f1al de estima, una muestra de cari\u00f1o hacia \u00e9l, del que estaba muy contento. Ha dicho, sobre todo, que el deseo de su coraz\u00f3n es caminar juntos. Dec\u00eda que este ecumenismo es el de caminar juntos y agradeci\u00f3 a los participantes porque, dijo, s\u00e9 que lo hacen. Debemos seguir caminando juntos. Los te\u00f3logos nos ayudar\u00e1n a comprender las diferencias, a encontrar el modo de superarlas, pero lo importante es que caminemos juntos, porque la voluntad de Dios es que todos seamos uno. Este es su mensaje. Estaba muy a gusto, muy feliz de saludar a todos\u00bb.  <strong>El Papa Francisco ha dado cita para la tarde en el Circo M\u00e1ximo.<\/strong> En la v\u00edspera de Pentecost\u00e9s, se har\u00e1 una vigilia por los 50 a\u00f1os de la Renovaci\u00f3n Carism\u00e1tica Cat\u00f3lica, organizada por el <em><a href=\"http:\/\/www.iccrs.org\/it\/\" target=\"_blank\" rel=\"noopener\">International Catholic Charismatic Renewal Services<\/a> <\/em>y por la <a href=\"http:\/\/www.catholicfraternity.org\/index.php?lang=it\" target=\"_blank\" rel=\"noopener\"><em>Catholic Fraternity<\/em>.<\/a>  <a href=\"https:\/\/www.focolare.org\/press\/files\/2017\/06\/20170603_UdienzaPapaLeaderCarismatici_Maria-Voce_CS_ES.pdf\" target=\"_blank\" rel=\"noopener\">Comunicado de prensa <\/a><\/p>\n","protected":false},"excerpt":{"rendered":"<p>En la audiencia privada del Papa Francisco a los l\u00edderes carism\u00e1ticos, con los que se reunir\u00e1 esta tarde en el Circo M\u00e1ximo (Roma &#8211; Italia), 3 de de junio de, tambi\u00e9n asisti\u00f3 Maria Voce, presidente de los Focolares.<\/p>\n","protected":false},"author":34,"featured_media":0,"comment_status":"open","ping_status":"open","sticky":false,"template":"","format":"standard","meta":{"give_campaign_id":0,"_seopress_robots_primary_cat":"","_seopress_titles_title":"","_seopress_titles_desc":"","_seopress_robots_index":"","_et_pb_use_builder":"","_et_pb_old_content":"","_et_gb_content_width":"","footnotes":""},"categories":[46],"tags":[],"class_list":["post-326060","post","type-post","status-publish","format-standard","hentry","category-sin-categorizar"],"_links":{"self":[{"href":"https:\/\/www.focolare.org\/es\/wp-json\/wp\/v2\/posts\/326060","targetHints":{"allow":["GET"]}}],"collection":[{"href":"https:\/\/www.focolare.org\/es\/wp-json\/wp\/v2\/posts"}],"about":[{"href":"https:\/\/www.focolare.org\/es\/wp-json\/wp\/v2\/types\/post"}],"author":[{"embeddable":true,"href":"https:\/\/www.focolare.org\/es\/wp-json\/wp\/v2\/users\/34"}],"replies":[{"embeddable":true,"href":"https:\/\/www.focolare.org\/es\/wp-json\/wp\/v2\/comments?post=326060"}],"version-history":[{"count":0,"href":"https:\/\/www.focolare.org\/es\/wp-json\/wp\/v2\/posts\/326060\/revisions"}],"wp:attachment":[{"href":"https:\/\/www.focolare.org\/es\/wp-json\/wp\/v2\/media?parent=326060"}],"wp:term":[{"taxonomy":"category","embeddable":true,"href":"https:\/\/www.focolare.org\/es\/wp-json\/wp\/v2\/categories?post=326060"},{"taxonomy":"post_tag","embeddable":true,"href":"https:\/\/www.focolare.org\/es\/wp-json\/wp\/v2\/tags?post=326060"}],"curies":[{"name":"wp","href":"https:\/\/api.w.org\/{rel}","templated":true}]}}