{"id":326078,"date":"2017-06-12T01:02:22","date_gmt":"2017-06-11T23:02:22","guid":{"rendered":"https:\/\/www.focolare.org\/serbia-el-deporte-mueve-tambien-las-ideas\/"},"modified":"2024-05-16T14:56:04","modified_gmt":"2024-05-16T12:56:04","slug":"serbia-el-deporte-mueve-tambien-las-ideas","status":"publish","type":"post","link":"https:\/\/www.focolare.org\/es\/serbia-el-deporte-mueve-tambien-las-ideas\/","title":{"rendered":"Serbia: el deporte mueve tambi\u00e9n las ideas"},"content":{"rendered":"<p><img loading=\"lazy\" decoding=\"async\" class=\"alignleft wp-image-153177\" src=\"https:\/\/www.focolare.org\/wp-content\/uploads\/2017\/06\/11.jpg\" alt=\"11\" width=\"300\" height=\"225\" \/><strong>En Serbia central,<\/strong> Belgrado (\u201cla ciudad blanca\u201d) es una de las ciudades m\u00e1s antiguas de Europa, en el punto de confluencia entre los r\u00edos Sava y Danubio. \u201cPuerta de los Balcanes\u201d o \u201cPuerta de Europa\u201d (as\u00ed es definida por su posici\u00f3n en el l\u00edmite entre el Oriente y el Occidente de Europa), renacida despu\u00e9s de un reciente pasado de guerras, hoy es una capital de vanguardia, donde nuevas ideas, fermento y vitalidad circulan en el campo del arte, de la econom\u00eda, de la arquitectura. Y del deporte.  <strong>Con ocasi\u00f3n del vig\u00e9simo aniversario de su fundaci\u00f3n, <\/strong>el <em>College of Sport and Health<\/em>, instituto de formaci\u00f3n parificado con 600 estudiantes, organiz\u00f3 el 12 y 13 de mayo pasados una conferencia internacional con el t\u00edtulo <em>\u201cDeporte, recreaci\u00f3n, salud\u201d. <\/em>Entre los hu\u00e9spedes, por invitaci\u00f3n del prof. <strong>Alexander Ivanovski, estaba tambi\u00e9n <\/strong><a href=\"http:\/\/www.sportmeet.org\">Sportmeet<\/a>, expresi\u00f3n en el mundo del deportes de esa renovaci\u00f3n social y espiritual originado a partir de la experiencia de los Focolares: una red mundial de deportistas, profesionales y aficionados, profesores, instructores, periodistas, administradores y empresarios del mundo deportivo, que viven el deporte como realidad positiva de confrontaci\u00f3n e intercambio, como una posibilidad para mover los m\u00fasculos y los tendones, pero tambi\u00e9n las ideas de fraternidad universal e inclusi\u00f3n. <em>\u201cSport moves people and moves ideas\u201d <\/em>titula su presentaci\u00f3n <strong>Paolo Cipolli, presidente di Sportmeet<\/strong>, presente en la conferencia junto con una delegaci\u00f3n serbo-croata.  <strong>El \u201cfen\u00f3meno deportivo\u201d es una de las realidades m\u00e1s complejas, <\/strong>interesantes y cautivadoras de nuestro tiempo. 800 millones de practicantes, 5 millones de sociedades deportivas, 205 federaciones nacionales adherentes al Comit\u00e9 Ol\u00edmpico Internacional, 208 a la FIFA.  <img loading=\"lazy\" decoding=\"async\" class=\"alignright wp-image-153178\" src=\"https:\/\/www.focolare.org\/wp-content\/uploads\/2017\/06\/20170610-01.jpg\" alt=\"20170610-01\" width=\"300\" height=\"201\" \/><strong>Si se piensa que a las Naciones Unidas adhieren \u2018s\u00f3lo\u2019 192 naciones,<\/strong> se comprende su alcance y su omnipresencia, como una especie de nuevo poder planetario o, seg\u00fan algunos \u201cuna nueva religi\u00f3n\u201d. Tierra de inagotables intereses econ\u00f3micos, lamentablemente algunos mal habidos, el deporte puede llegar a ser, en direcci\u00f3n contraria, un aut\u00e9ntico \u201cgimnasio\u201d de fraternidad, unidad e integraci\u00f3n. Un \u201clenguaje de gestos\u201d universal que destruye barreras, obst\u00e1culos, diversidades.  <strong>En Belgrado entr\u00f3 en escena esta cara limpia del deporte:<\/strong> entre las numerosas intervenciones, sobre varios aspectos vinculados al papel y al potencial del deporte en la promoci\u00f3n de la salud, con expertos y docentes provenientes de Eslovenia, Croacia, Macedonia, Bulgaria, emergi\u00f3 una consideraci\u00f3n com\u00fan: la necesidad de definir pol\u00edticas nuevas para una plena valoraci\u00f3n del deporte dirigido hacia la promoci\u00f3n de un correcto estilo de vida y de todas las posibles formas de integraci\u00f3n, especialmente entre los j\u00f3venes. La conferencia fue la ocasi\u00f3n para establecer nuevas relaciones y un protocolo de acuerdos en vista de una colaboraci\u00f3n futura, valorando experiencias positivas ya en acto, como la pr\u00e1ctica del deporte en algunas casas de acogida para chicos.  Despu\u00e9s de Belgrado, Sportmeet apunta hacia una pr\u00f3xima etapa. De <strong>inclusi\u00f3n social, educaci\u00f3n deportiva, integraci\u00f3n de personas con habilidades distintas <\/strong>y relaci\u00f3n entre generaciones. De estos temas se hablar\u00e1 del 13 al 16 de julio en Espa\u00f1a. Ser\u00e1n 4 d\u00edas en los que deportistas y trabajadores en el campo deportivo se confrontar\u00e1n, a partir del simposio internacional de Barcelona (en el Palau Robert, el 13 de julio) promovido en colaboraci\u00f3n con otros patrocinadores locales, como la <em>Universitat Aut\u00f2noma de Barcelona<\/em>, para proseguir con la <em>Escuela de Verano de <em>Castel d\u2019Aro<\/em><\/em>, a un centenar de kil\u00f3metros de la capital de Catalu\u00f1a, con un rico programa para sensibilizar al deporte inclusivo y a las buenas pr\u00e1cticas.  <strong>Con el sue\u00f1o de que el \u201cdeporte\u201d llegue a ser realmente, a todo nivel, un sin\u00f3nimo de \u201cencuentro\u201d.<\/strong>  &nbsp;<\/p>\n","protected":false},"excerpt":{"rendered":"<p>Discapacidad, educaci\u00f3n, inclusi\u00f3n social: los tres grandes desaf\u00edos de Sportmeet. El deporte vivido como oportunidad, como sin\u00f3nimo de encuentro.<\/p>\n","protected":false},"author":34,"featured_media":0,"comment_status":"open","ping_status":"open","sticky":false,"template":"","format":"standard","meta":{"give_campaign_id":0,"_seopress_robots_primary_cat":"","_seopress_titles_title":"","_seopress_titles_desc":"","_seopress_robots_index":"","_et_pb_use_builder":"","_et_pb_old_content":"","_et_gb_content_width":"","footnotes":""},"categories":[46],"tags":[],"class_list":["post-326078","post","type-post","status-publish","format-standard","hentry","category-sin-categorizar"],"_links":{"self":[{"href":"https:\/\/www.focolare.org\/es\/wp-json\/wp\/v2\/posts\/326078","targetHints":{"allow":["GET"]}}],"collection":[{"href":"https:\/\/www.focolare.org\/es\/wp-json\/wp\/v2\/posts"}],"about":[{"href":"https:\/\/www.focolare.org\/es\/wp-json\/wp\/v2\/types\/post"}],"author":[{"embeddable":true,"href":"https:\/\/www.focolare.org\/es\/wp-json\/wp\/v2\/users\/34"}],"replies":[{"embeddable":true,"href":"https:\/\/www.focolare.org\/es\/wp-json\/wp\/v2\/comments?post=326078"}],"version-history":[{"count":0,"href":"https:\/\/www.focolare.org\/es\/wp-json\/wp\/v2\/posts\/326078\/revisions"}],"wp:attachment":[{"href":"https:\/\/www.focolare.org\/es\/wp-json\/wp\/v2\/media?parent=326078"}],"wp:term":[{"taxonomy":"category","embeddable":true,"href":"https:\/\/www.focolare.org\/es\/wp-json\/wp\/v2\/categories?post=326078"},{"taxonomy":"post_tag","embeddable":true,"href":"https:\/\/www.focolare.org\/es\/wp-json\/wp\/v2\/tags?post=326078"}],"curies":[{"name":"wp","href":"https:\/\/api.w.org\/{rel}","templated":true}]}}