{"id":326104,"date":"2017-06-20T00:10:25","date_gmt":"2017-06-19T22:10:25","guid":{"rendered":"https:\/\/www.focolare.org\/jesus-moran-la-fidelidad-creativa\/"},"modified":"2024-05-16T14:56:10","modified_gmt":"2024-05-16T12:56:10","slug":"jesus-moran-la-fidelidad-creativa","status":"publish","type":"post","link":"https:\/\/www.focolare.org\/es\/jesus-moran-la-fidelidad-creativa\/","title":{"rendered":"Jes\u00fas Mor\u00e1n: La fidelidad creativa"},"content":{"rendered":"<p><strong><a href=\"https:\/\/www.cittanuova.it\/libri\/9788831151788\/fedelta-creativa\/\"><img loading=\"lazy\" decoding=\"async\" class=\"alignleft\" src=\"https:\/\/www.focolare.org\/wp-content\/uploads\/2017\/06\/FedeltaCreativa.jpeg\" alt=\"FedeltaCreativa\" width=\"200\" height=\"322\" \/><\/a><\/strong><strong>Con Alessandro De Carolis, periodista de Radio Vaticana, <\/strong><strong>en calidad de moderador, dialogaron con el autor, el Padre <\/strong><strong>Juli\u00e1n Carr\u00f3n<\/strong> (presidente de la Fraternidad de Comuni\u00f3n y Liberaci\u00f3n) y <strong>Maria Grazia Vergar<\/strong>i (vice presidente del sector adultos de la Acci\u00f3n Cat\u00f3lica).  <strong>La periodista Giorgia Bresciani de \u201cRadio InBlu\u201d, entrevist\u00f3 a <\/strong><a href=\"https:\/\/www.focolare.org\/news\/2014\/09\/17\/jesus-moran-cepedano\/\">Jes\u00fas Mor\u00e1n<\/a><strong> el 30 de mayo.<\/strong>  <strong>Presentamos algunos fragmentos:<\/strong> <strong>G. B.<\/strong> \u2013 La presentaci\u00f3n de su libro ha sido la ocasi\u00f3n para vivir un momento de di\u00e1logo y fraternidad entre Movimientos Eclesiales. En Pentecost\u00e9s 1998, Juan Pablo II y el entonces Cardenal Ratzinger quisieron abrir un camino de comuni\u00f3n entre los Movimientos. Le pido que nos ayude a entender qu\u00e9 sucedi\u00f3 ese d\u00eda y a qu\u00e9 punto estamos en ese camino.  <strong>J. M.<\/strong> \u2013 Pienso que la jornada del 29 de mayo fue especialmente bendecida por el Esp\u00edritu Santo, una gracia para nosotros. Recuerdo muy bien la Fiesta de Pentecost\u00e9s de 1998: pienso que fue la m\u00e1s bella de mi vida. \u00a1Parec\u00eda una actualizaci\u00f3n de la primera Pentecost\u00e9s, por la presencia de tantas personas, por la jornada, que fue bell\u00edsima! Yo llegu\u00e9 de Chile, donde estaba viviendo. Efectivamente fue un momento hist\u00f3rico un evento eclesial, porque, por primera vez, los nuevos Movimientos se reunieron en la Plaza San Pedro todos juntos. Un encuentro fundamental entre el Carisma de Pedro y los carismas suscitados por el Esp\u00edritu Santo en este tiempo. Fue un salir a vida p\u00fablica, dar visibilidad a los carismas eclesiales, un momento de \u201creconocimiento\u201d de esta realidad.  <strong>Desde entonces el camino ha avanzado, <\/strong><strong>con momentos alternos. Esta experiencia se ha difundido tambi\u00e9n a nivel ecum\u00e9nico e hizo nacer <\/strong>\u201c<a href=\"http:\/\/www.together4europe.org\/\">Juntos por Europa<\/a>\u201d. Por lo tanto nos comprometimos por la unidad de los cristianos. Pero se han creado muchos otros momentos de encuentro entre los movimientos. Pero en estos a\u00f1os, han fallecido algunos de los fundadores y esto, obviamente, ha enlentecido un poco el camino, la partida del Padre Giussani, de <a href=\"https:\/\/www.focolare.org\/chiara-lubich\/\">Chiara Lubich<\/a> y de otros, obviamente ha tenido una influencia porque esta realidad de unidad y de comuni\u00f3n entre los Movimientos era decididamente querida por ellos.  <a href=\"https:\/\/www.focolare.org\/wp-content\/uploads\/2016\/11\/UNESCO_15Nov16_JesusMoran_02.jpg\"><img loading=\"lazy\" decoding=\"async\" class=\"wp-image-145077 alignright\" src=\"https:\/\/www.focolare.org\/wp-content\/uploads\/2016\/11\/UNESCO_15Nov16_JesusMoran_02.jpg\" alt=\"UNESCO_15Nov16_JesusMoran_02\" width=\"266\" height=\"199\" \/><\/a><strong>Una ocasi\u00f3n como la del 29 de mayo nos dice que debemos continuar. <\/strong>Ahora en una fase distinta, post-fundacional; debemos retomar esa \u201cprofec\u00eda\u201d. Y el momento de la presentaci\u00f3n de mi libro iba en esa direcci\u00f3n.  <strong>G.B.<\/strong> \u2013 Usted hizo referencia al fallecimiento de algunos fundadores. Precisamente usted, <a href=\"https:\/\/www.focolare.org\/it\/news\/2014\/09\/15\/maria-voce\/\">Mar\u00eda Voce<\/a>, el Padre Carr\u00f3n, est\u00e1n entre aquellos que est\u00e1n viviendo la \u201cpost-fundaci\u00f3n\u201d, la \u201csegunda fase\u201d, que es una fase delicada, la tarea de ustedes es compleja y apasionante. A la luz de lo que ha emergido del intercambio entre ustedes, \u00bfqu\u00e9 necesita en esta fase un Movimiento Eclesial?  <strong>J.M.<\/strong> \u2013 <strong>Creo que la fase \u201cpost-fundacional\u201d es tambi\u00e9n una fase carism\u00e1tica. <\/strong>Existen gracias distintas vinculadas a la fundaci\u00f3n, m\u00e1s en la perspectiva de la encarnaci\u00f3n, el gran desaf\u00edo es que el carisma, siguiendo la l\u00ednea del fundador, se vuelva cada vez m\u00e1s \u201chistoria\u201d. Por lo tanto es una etapa de servicio a la Iglesia y a la humanidad. Se necesita una madurez diferente. Tenemos que trabajar m\u00e1s juntos, poner en evidencia todos los talentos personales y comunitarios. Porque cuando est\u00e1 el fundador la luz del carisma es fort\u00edsima, lo \u201cencarna\u201d casi \u00e9l solo. Ahora Dios nos pide poner en movimiento nuestra inteligencia del carisma, nuestras fuerzas. \u00a1Y tenemos que hacerlo juntos!  \u00c9ste es el gran desaf\u00edo. Y lo que he tratado de decir con ese concepto de \u201cfidelidad creativa\u201d (antes usado por Juan Pablo II), es decir, fidelidad al carisma y, al mismo tiempo, capacidad de innovaci\u00f3n, de creatividad, siempre fruto del Esp\u00edritu. Implica una mayor inserci\u00f3n en la Iglesia y en la sociedad.<\/p>\n","protected":false},"excerpt":{"rendered":"<p>El 29 de mayo fue presentado en Roma el nuevo libro de Jes\u00fas Mor\u00e1n, co-presidente del Movimiento de los Focolares: \u201cFidelidad creativa, el desaf\u00edo de la actualizaci\u00f3n de un carisma\u201d, editado por Citt\u00e0 Nuova.<\/p>\n","protected":false},"author":34,"featured_media":0,"comment_status":"open","ping_status":"open","sticky":false,"template":"","format":"standard","meta":{"give_campaign_id":0,"_seopress_robots_primary_cat":"","_seopress_titles_title":"","_seopress_titles_desc":"","_seopress_robots_index":"","_et_pb_use_builder":"","_et_pb_old_content":"","_et_gb_content_width":"","footnotes":""},"categories":[46],"tags":[],"class_list":["post-326104","post","type-post","status-publish","format-standard","hentry","category-sin-categorizar"],"_links":{"self":[{"href":"https:\/\/www.focolare.org\/es\/wp-json\/wp\/v2\/posts\/326104","targetHints":{"allow":["GET"]}}],"collection":[{"href":"https:\/\/www.focolare.org\/es\/wp-json\/wp\/v2\/posts"}],"about":[{"href":"https:\/\/www.focolare.org\/es\/wp-json\/wp\/v2\/types\/post"}],"author":[{"embeddable":true,"href":"https:\/\/www.focolare.org\/es\/wp-json\/wp\/v2\/users\/34"}],"replies":[{"embeddable":true,"href":"https:\/\/www.focolare.org\/es\/wp-json\/wp\/v2\/comments?post=326104"}],"version-history":[{"count":0,"href":"https:\/\/www.focolare.org\/es\/wp-json\/wp\/v2\/posts\/326104\/revisions"}],"wp:attachment":[{"href":"https:\/\/www.focolare.org\/es\/wp-json\/wp\/v2\/media?parent=326104"}],"wp:term":[{"taxonomy":"category","embeddable":true,"href":"https:\/\/www.focolare.org\/es\/wp-json\/wp\/v2\/categories?post=326104"},{"taxonomy":"post_tag","embeddable":true,"href":"https:\/\/www.focolare.org\/es\/wp-json\/wp\/v2\/tags?post=326104"}],"curies":[{"name":"wp","href":"https:\/\/api.w.org\/{rel}","templated":true}]}}