{"id":326132,"date":"2017-06-27T12:25:53","date_gmt":"2017-06-27T10:25:53","guid":{"rendered":"https:\/\/www.focolare.org\/nuevo-patriarca-greco-catolico\/"},"modified":"2024-05-16T14:56:14","modified_gmt":"2024-05-16T12:56:14","slug":"nuevo-patriarca-greco-catolico","status":"publish","type":"post","link":"https:\/\/www.focolare.org\/es\/nuevo-patriarca-greco-catolico\/","title":{"rendered":"Nuevo Patriarca greco-cat\u00f3lico"},"content":{"rendered":"<p><strong>Joseph Absi, vicario patriarcal de Damasco, fue elegido para guiar la Iglesia greco-cat\u00f3lica.<\/strong>  El nuevo Patriarca<strong>,<\/strong> que sucede a <strong>Gregorio III Laham<\/strong><strong>,<\/strong> de 85 a\u00f1os, estudi\u00f3 Teolog\u00eda en Francia y en L\u00edbano (Harissa), obtuvo una licenciatura en Filosof\u00eda en la Universidad estatal libanesa y un doctorado en M\u00fasica en la Pontificia Universidad de Kaslik.  Mons. Absi, quien es miembro de la Sociedad de los Misioneros de San Pablo (Paulinos), es sacerdote desde 1973 y superior general desde 1999. Consagrado obispo en 2001, fue presidente de C\u00e1ritas siria promoviendo, con sus colaboradores, m\u00e1s de 40 proyectos en Damasco, Alepo y Hassak\u00e9. Uno de los temas al que el nuevo Patriarca melquita es especialmente sensible, es <strong>la unidad entre las Iglesias cat\u00f3licas orientales.<\/strong>  &nbsp;<\/p>\n","protected":false},"excerpt":{"rendered":"<p>Joseph Absi, vicario patriarcal de Damasco, fue elegido para guiar la Iglesia greco-cat\u00f3lica. El nuevo Patriarca, que sucede a Gregorio III Laham, de 85 a\u00f1os, estudi\u00f3 Teolog\u00eda en Francia y en L\u00edbano (Harissa), obtuvo una licenciatura en Filosof\u00eda en la Universidad estatal libanesa y un doctorado en M\u00fasica en la Pontificia Universidad de Kaslik. Mons. [&hellip;]<\/p>\n","protected":false},"author":34,"featured_media":0,"comment_status":"open","ping_status":"open","sticky":false,"template":"","format":"standard","meta":{"give_campaign_id":0,"_seopress_robots_primary_cat":"","_seopress_titles_title":"","_seopress_titles_desc":"","_seopress_robots_index":"","_et_pb_use_builder":"","_et_pb_old_content":"","_et_gb_content_width":"","footnotes":""},"categories":[46],"tags":[],"class_list":["post-326132","post","type-post","status-publish","format-standard","hentry","category-sin-categorizar"],"_links":{"self":[{"href":"https:\/\/www.focolare.org\/es\/wp-json\/wp\/v2\/posts\/326132","targetHints":{"allow":["GET"]}}],"collection":[{"href":"https:\/\/www.focolare.org\/es\/wp-json\/wp\/v2\/posts"}],"about":[{"href":"https:\/\/www.focolare.org\/es\/wp-json\/wp\/v2\/types\/post"}],"author":[{"embeddable":true,"href":"https:\/\/www.focolare.org\/es\/wp-json\/wp\/v2\/users\/34"}],"replies":[{"embeddable":true,"href":"https:\/\/www.focolare.org\/es\/wp-json\/wp\/v2\/comments?post=326132"}],"version-history":[{"count":0,"href":"https:\/\/www.focolare.org\/es\/wp-json\/wp\/v2\/posts\/326132\/revisions"}],"wp:attachment":[{"href":"https:\/\/www.focolare.org\/es\/wp-json\/wp\/v2\/media?parent=326132"}],"wp:term":[{"taxonomy":"category","embeddable":true,"href":"https:\/\/www.focolare.org\/es\/wp-json\/wp\/v2\/categories?post=326132"},{"taxonomy":"post_tag","embeddable":true,"href":"https:\/\/www.focolare.org\/es\/wp-json\/wp\/v2\/tags?post=326132"}],"curies":[{"name":"wp","href":"https:\/\/api.w.org\/{rel}","templated":true}]}}