{"id":326140,"date":"2017-06-29T00:10:35","date_gmt":"2017-06-28T22:10:35","guid":{"rendered":"https:\/\/www.focolare.org\/maria-voce-el-ecumenismo-sirve-para-la-paz-1\/"},"modified":"2024-05-16T14:56:15","modified_gmt":"2024-05-16T12:56:15","slug":"maria-voce-el-ecumenismo-sirve-para-la-paz-1","status":"publish","type":"post","link":"https:\/\/www.focolare.org\/es\/maria-voce-el-ecumenismo-sirve-para-la-paz-1\/","title":{"rendered":"Maria Voce: \u201cEl ecumenismo sirve para la paz\u201d\/1"},"content":{"rendered":"<p><em><a href=\"https:\/\/www.focolare.org\/wp-content\/uploads\/2017\/06\/20170509-094701\u00a9CMendes.jpg\"><img loading=\"lazy\" decoding=\"async\" class=\"wp-image-154218 alignright\" src=\"https:\/\/www.focolare.org\/wp-content\/uploads\/2017\/06\/20170509-094701\u00a9CMendes.jpg\" alt=\"59\u00b0 SETTIMANA ECUMENICA - \u201cCAMMINADO INSIEME. CRISTIANI SULLA VIA VERSO L'UNITA'&quot;\" width=\"368\" height=\"245\" \/><\/a>\u201cLa revoluci\u00f3n del Evangelio. Regresar al Evangelio y a la vida del Evangelio en el mundo\u201d.<\/em> Radica en esto, en poner en pr\u00e1ctica la<a href=\"https:\/\/www.focolare.org\/es\/chiara-lubich\/spiritualita-dellunita\/la-parola\/\"> Palabra de Dio<\/a><u>s,<\/u> hoy como en los tiempos de los primeros cristianos, el proyecto ecum\u00e9nico que inici\u00f3 hace 50 a\u00f1os <a href=\"https:\/\/www.focolare.org\/es\/chiara-lubich\/\">Chiara Lubich<\/a> y que lleva adelante el <a href=\"https:\/\/www.focolare.org\/es\/chi-siamo\/\">Movimiento de los Focolares<\/a> en todo el mundo.  <strong>Un proyecto en el que los cristianos de todas las Iglesias pueden reconocerse plenamente<\/strong>, participar y juntos ser semillas de paz por doquier, en un mundo herido por las guerras y las divisiones. <strong>Habla<\/strong> <a href=\"https:\/\/www.focolare.org\/es\/news\/2014\/09\/15\/maria-voce\/\">Mar\u00eda Voce,<\/a> <strong>presidente del Movimiento de los Focolares<\/strong>.  <strong>La encontramos con un grupo de periodistas de diferentes diarios<\/strong>, en el marco de la <a href=\"https:\/\/www.focolare.org\/es\/news\/2017\/05\/26\/settimana-ecumenica-camminando-insieme\/\">59\u00aa Semana ecum\u00e9nica <\/a>\u00a0que se ha realizado en el Centro Mari\u00e1polis de Castel Gandolfo del 11 al 13 de mayo. La sala est\u00e1 llena. Est\u00e1n presentes casi 700 cristianos de 69 Iglesias y Comunidades eclesiales, de 40 Pa\u00edses del mundo. Las cabinas para las traducciones est\u00e1n todas encendidas: 17 las lenguas presentes. Los participantes, de todas las edades, tienen colores y vestidos que hacen intuir proveniencias y pertenencias distintas.  <strong>Entre los momentos fuertes de esta Semana,<\/strong> la oraci\u00f3n por la unidad en las catacumbas de san Sebasti\u00e1n en Roma, en el mismo lugar donde rezaron los primeros cristianos y m\u00e1rtires. Aqu\u00ed, estrecharon un \u201cPacto de amor rec\u00edproco\u201d intercambi\u00e1ndose un signo de paz y de perd\u00f3n por las heridas infligidas en el pasado y para que,<em>\u201crenovados por el amor, llevemos este testimonio vivido entre nosotros, a nuestras comunidades, a nuestros Pa\u00edses, a nuestra sociedad\u201d. \u201cHemos construido mucho juntos\u201d<\/em>, <strong>comenta Mar\u00eda Voce.<\/strong> <em>\u201cAhora se trata de acelerar el paso, para que la comuni\u00f3n sea plena y visible. Es necesario ir adelante\u201d.<\/em>  <strong>Nunca como hoy el mundo anhela la fraternidad universal. \u00bfUsted cree que es posible? \u00bfEs posible en este siglo?<\/strong> \u00ab<strong>No s\u00e9 si ser\u00e1 posible en este siglo, pero s\u00e9 que es posible.<\/strong> M\u00e1s a\u00fan, es seguro que llegaremos porque es el deseo de Dios. Dios quiere que toda la familia humana sea una familia de hermanos. Si Dios lo quiere, este designio de unidad del g\u00e9nero humano no puede dejar de realizarse. No s\u00e9 si se lograr\u00e1 en este siglo. Pero lo importante no es realizarlo en este siglo. Lo importante es que se realice y que nosotros demos el paso que Dios nos pide hoy, y hoy Dios nos pide trabajar en esta direcci\u00f3n y, por lo tanto, al menos entre cristianos reconocernos como hermanos\u00bb.  <strong><a href=\"https:\/\/www.focolare.org\/wp-content\/uploads\/2017\/06\/20170512-170424-01.jpg\"><img loading=\"lazy\" decoding=\"async\" class=\"wp-image-154219 alignleft\" src=\"https:\/\/www.focolare.org\/wp-content\/uploads\/2017\/06\/20170512-170424-01.jpg\" alt=\"59\u00b0 SETTIMANA ECUMENICA - \u201cCAMMINADO INSIEME. CRISTIANI SULLA VIA VERSO L'UNITA'&quot;\" width=\"368\" height=\"245\" \/><\/a>En el mundo ecum\u00e9nico por varias partes se advierte sufrimiento por la imposibilidad de que cristianos de distintas Iglesias puedan participar en la misma mesa eucar\u00edstica. \u00bfC\u00f3mo responde usted?<\/strong> \u00abCiertamente es un dolor para todos. Pero sentimos tambi\u00e9n que la presencia de Jes\u00fas en el mundo no se limita a la presencia eucar\u00edstica. Jes\u00fas est\u00e1 presente en el mundo de muchos modos. Est\u00e1 presente con su amor, est\u00e1 presente en el pr\u00f3jimo porque reconocemos a Jes\u00fas en el hermano; est\u00e1 presente en los pobres, est\u00e1 presente en los que nos gu\u00edan en el magisterio de la Iglesia y en las distintas Iglesias e instituciones. Nosotros, como Movimiento de los Focolares, sentimos particularmente importante dos cosas. La primera es el dolor y la presencia de Jes\u00fas en el mundo. Jes\u00fas asumi\u00f3 todos los dolores de la Humanidad y, por tanto, tambi\u00e9n el dolor de la divisi\u00f3n. Es un dolor que Jes\u00fas vivi\u00f3 fuertemente en el momento en el que fue crucificado y abandonado. La segunda que consideramos importante es cuando Jes\u00fas dijo: <em>\u201cDonde dos o m\u00e1s est\u00e1n reunidos en mi nombre\u2026\u201d<\/em>. No dijo unidos en la Eucarist\u00eda, dijo \u201cen mi nombre\u201d.  <strong>\u00bfY qu\u00e9 quiere decir estar unidos en el nombre de Jes\u00fas?<\/strong> Quiere decir estar unidos en el amor rec\u00edproco que \u00c9l trajo a la Tierra. Por eso, donde dos o m\u00e1s est\u00e1n unidos en su nombre, est\u00e1 Jes\u00fas presente. Esta presencia de Jes\u00fas en el mundo en cierto sentido es la prueba de que nosotros vivimos ya una verdadera comuni\u00f3n y, por esto, tambi\u00e9n nosotros podemos decir: \u00bfQui\u00e9n podr\u00e1 separarnos del amor de Cristo?  <strong>No podremos recibir juntos la Eucarist\u00eda<\/strong>, pero podemos recibir el amor de Dios, podemos vivir este amor entre nosotros, todos juntos, en la esperanza de que se pueda llegar a esa comuni\u00f3n a\u00fan m\u00e1s completa que se a\u00f1adir\u00e1 a la comuni\u00f3n que ya tenemos \u00bb.(<strong>continuar\u00e1<\/strong>)  <em>Por <\/em><a href=\"https:\/\/agensir.it\/author\/m-biagioni\/\" target=\"_blank\" rel=\"noopener\"><em>M. Chiara Biagioni<\/em><\/a><em>\u00a0&#8211; Fonte: <\/em><a href=\"https:\/\/agensir.it\/chiesa\/2017\/05\/13\/focolari-maria-voce-lecumenismo-serve-alla-pace-perche-la-pace-e-unita-dei-cuori\/\" target=\"_blank\" rel=\"noopener\"><em>SIR<\/em><\/a><\/p>\n","protected":false},"excerpt":{"rendered":"<p>Entrevista a Mar\u00eda Voce, presidente del Movimiento de los Focolares, en el marco de la 59\u00aa Semana ecum\u00e9nica (Castel Gandolfo, 9-13 de mayo de 2017) y publicada por el SIR. Primera parte.<\/p>\n","protected":false},"author":34,"featured_media":0,"comment_status":"open","ping_status":"open","sticky":false,"template":"","format":"standard","meta":{"give_campaign_id":0,"_seopress_robots_primary_cat":"","_seopress_titles_title":"","_seopress_titles_desc":"","_seopress_robots_index":"","_et_pb_use_builder":"","_et_pb_old_content":"","_et_gb_content_width":"","footnotes":""},"categories":[46],"tags":[],"class_list":["post-326140","post","type-post","status-publish","format-standard","hentry","category-sin-categorizar"],"_links":{"self":[{"href":"https:\/\/www.focolare.org\/es\/wp-json\/wp\/v2\/posts\/326140","targetHints":{"allow":["GET"]}}],"collection":[{"href":"https:\/\/www.focolare.org\/es\/wp-json\/wp\/v2\/posts"}],"about":[{"href":"https:\/\/www.focolare.org\/es\/wp-json\/wp\/v2\/types\/post"}],"author":[{"embeddable":true,"href":"https:\/\/www.focolare.org\/es\/wp-json\/wp\/v2\/users\/34"}],"replies":[{"embeddable":true,"href":"https:\/\/www.focolare.org\/es\/wp-json\/wp\/v2\/comments?post=326140"}],"version-history":[{"count":0,"href":"https:\/\/www.focolare.org\/es\/wp-json\/wp\/v2\/posts\/326140\/revisions"}],"wp:attachment":[{"href":"https:\/\/www.focolare.org\/es\/wp-json\/wp\/v2\/media?parent=326140"}],"wp:term":[{"taxonomy":"category","embeddable":true,"href":"https:\/\/www.focolare.org\/es\/wp-json\/wp\/v2\/categories?post=326140"},{"taxonomy":"post_tag","embeddable":true,"href":"https:\/\/www.focolare.org\/es\/wp-json\/wp\/v2\/tags?post=326140"}],"curies":[{"name":"wp","href":"https:\/\/api.w.org\/{rel}","templated":true}]}}