{"id":326186,"date":"2017-07-24T00:10:58","date_gmt":"2017-07-23T22:10:58","guid":{"rendered":"https:\/\/www.focolare.org\/para-que-cada-nino-crezca-y-no-sea-descartado\/"},"modified":"2024-05-16T14:56:25","modified_gmt":"2024-05-16T12:56:25","slug":"para-que-cada-nino-crezca-y-no-sea-descartado","status":"publish","type":"post","link":"https:\/\/www.focolare.org\/es\/para-que-cada-nino-crezca-y-no-sea-descartado\/","title":{"rendered":"Para que cada ni\u00f1o crezca y no sea descartado"},"content":{"rendered":"<p><img loading=\"lazy\" decoding=\"async\" class=\"size-full wp-image-154583 alignleft\" src=\"https:\/\/www.focolare.org\/wp-content\/uploads\/2017\/07\/Papa-1.jpg\" alt=\"Papa 1\" width=\"326\" height=\"227\" \/><strong>Dar a todos, ni\u00f1os y adolescentes, la educaci\u00f3n necesaria para rescatar la propia dignidad y construir el propio futuro. \u00c9ste es el compromiso que vincula a las numerosas actividades de <\/strong><a href=\"http:\/\/web.scholasoccurrentes.org\/it\/\">Scholas Occurentes<\/a> (escuelas de di\u00e1logo) y a la <a href=\"http:\/\/www.afnonlus.org\/\">AFNonlus<\/a> de los <a href=\"https:\/\/www.focolare.org\/chi-siamo\/\">Focolares<\/a><a href=\"https:\/\/www.focolare.org\/\">,<\/a> con actividades e programas dirigidos a chicos de todo el mundo con una metodolog\u00eda basada en valores.  Las ra\u00edces de Scholas, organizaci\u00f3n internacional que el pasado 9 de junio inici\u00f3 sus actividades en Italia, con una <a href=\"http:\/\/www.news.va\/it\/news\/inaugurata-la-nuova-sede-di-scholas-occurrentes-ac\">ceremonia inaugural oficial<\/a> de su nueva sede en el Palacio San Calixto de Roma, se remontan a veinte a\u00f1os atr\u00e1s.  <strong>Jorge Mario Bergoglio<\/strong> era arzobispo de la ciudad de Buenos Aires y hab\u00eda intuido el valor de las as\u00ed llamadas <em>\u201cescuelas de vecinos\u201d. <\/em><strong>En el 2013 el Papa Francisco <\/strong>transform\u00f3 esas escuelas de vecinos en una Fundaci\u00f3n Pontificia para promover el modelo a nivel mundial. La red actualmente comprende m\u00e1s de 400 mil escuelas vinculadas entre ellas en los cinco continentes, de todas las confesiones religiosas y tambi\u00e9n laicas, p\u00fablicas y privadas, presentes en 190 pa\u00edses.  <strong>En la ceremonia, conducida por Lorena Bianchetti de Rai1, en la que participamos<\/strong>, el Papa quiso estar presente, y ante numerosas autoridades religiosas e institucionales y representantes del asociacionismo, dialog\u00f3 espont\u00e1neamente en espa\u00f1ol con j\u00f3venes de varios pa\u00edses del mondo conectados por Internet. \u201cEn esta sociedad\u201d a menudo \u201cinstruir\u201d es sin\u00f3nimo de \u201cseleccionar\u201d, subray\u00f3, en cambio es necesario \u201cdarse la mano: abrazar, no agredir y reconocer que ninguna persona en un \u2018no\u2019, todos con un \u2018si\u2019 y tienen un significado.  <strong>A veces en la educaci\u00f3n, <\/strong>\u201cseleccionamos mal, creamos grupos cerrados\u201d. \u201cSomos incapaces<strong> \u00ad\u2013dijo el Papa-, <\/strong>de pensar con el otro, incapaces de trabajar con el otro\u201d. \u00a0La educaci\u00f3n, en cambio es la capacidad de hablar \u201cel lenguaje de la mente, del coraz\u00f3n, de las manos\u201d. Por lo tanto, es necesario \u201cunidad\u201d dentro de cada uno de nosotros\u201d dijo todav\u00eda Francisco: \u201cSi creo en aquello que siento, en aquello en lo que pienso, en aquello que amo, entonces me comunico\u201d.  \u201cEstamos en un mundo en el cual domina la globalizaci\u00f3n y la globalizaci\u00f3n es buena,<strong> -explic\u00f3 el Papa-, <\/strong>pero el peligro es concebir la globalizaci\u00f3n como bola de billar, toda homog\u00e9nea: una esfera donde todo es equidistante del centro, pero en la cual se anulan las caracter\u00edsticas personales de los jovenes\u201d. En cambio, \u201cla aut\u00e9ntica globalizaci\u00f3n es un poliedro\u201d, donde encontramos la unidad, pero cada uno mantiene su propia peculiaridad, su propia riqueza.  <img loading=\"lazy\" decoding=\"async\" class=\"alignright wp-image-154584\" src=\"https:\/\/www.focolare.org\/wp-content\/uploads\/2017\/07\/Afn-1.png\" alt=\"Afn 1\" width=\"237\" height=\"179\" \/><strong>El presidente de Scholas, Jos\u00e9 Mar\u00eda Del Corral,<\/strong> explica por qu\u00e9 este paso \u201ces fundamental en el camino de crecimiento internacional de la fundaci\u00f3n\u201d.\u00a0 Es m\u00e1s, la cercan\u00eda del Santo Padre es un est\u00edmulo para \u201cintensificar los esfuerzos en el frente de la educaci\u00f3n participativa de los j\u00f3venes\u201d. Tambi\u00e9n en Italia, agrega, \u201cScholas hace un llamado a todas las fuerzas vivas de la sociedad para unir esfuerzos y colaborar constructivamente\u201d.  <strong>Este es el desaf\u00edo de Scholas y el desaf\u00edo de AFNonlus de los Focolares, <\/strong>como compa\u00f1eros en la iniciativa, con casi un centenar de intervenciones en cincuenta pa\u00edses del mundo y programas educativos a favor de los j\u00f3venes menos favorecidos. \u201cSe trata de un proyecto comprometedor, pero fascinante, \u00a0dijo Andrea Turatti, presidente de AFNonlus. La realizaci\u00f3n de un aula global mediante la web, ayudar\u00e1 a desarrollar estrategias educativas y acciones de promoci\u00f3n humana en el esp\u00edritu de subsidiaridad en la perspectiva de la fraternidad universal.\u201d  <em>Giovanna Pieroni<\/em>  <strong>Fonte:<\/strong> <a href=\"http:\/\/www.afnonlus.org\/\">AFNonlus online<\/a><\/p>\n","protected":false},"excerpt":{"rendered":"<p>El Papa Francisco participa en la inauguraci\u00f3n de la sede romana de las Scholas Occurentes. El nuevo desarrollo.<\/p>\n","protected":false},"author":34,"featured_media":0,"comment_status":"open","ping_status":"open","sticky":false,"template":"","format":"standard","meta":{"give_campaign_id":0,"_seopress_robots_primary_cat":"","_seopress_titles_title":"","_seopress_titles_desc":"","_seopress_robots_index":"","_et_pb_use_builder":"","_et_pb_old_content":"","_et_gb_content_width":"","footnotes":""},"categories":[46],"tags":[],"class_list":["post-326186","post","type-post","status-publish","format-standard","hentry","category-sin-categorizar"],"_links":{"self":[{"href":"https:\/\/www.focolare.org\/es\/wp-json\/wp\/v2\/posts\/326186","targetHints":{"allow":["GET"]}}],"collection":[{"href":"https:\/\/www.focolare.org\/es\/wp-json\/wp\/v2\/posts"}],"about":[{"href":"https:\/\/www.focolare.org\/es\/wp-json\/wp\/v2\/types\/post"}],"author":[{"embeddable":true,"href":"https:\/\/www.focolare.org\/es\/wp-json\/wp\/v2\/users\/34"}],"replies":[{"embeddable":true,"href":"https:\/\/www.focolare.org\/es\/wp-json\/wp\/v2\/comments?post=326186"}],"version-history":[{"count":0,"href":"https:\/\/www.focolare.org\/es\/wp-json\/wp\/v2\/posts\/326186\/revisions"}],"wp:attachment":[{"href":"https:\/\/www.focolare.org\/es\/wp-json\/wp\/v2\/media?parent=326186"}],"wp:term":[{"taxonomy":"category","embeddable":true,"href":"https:\/\/www.focolare.org\/es\/wp-json\/wp\/v2\/categories?post=326186"},{"taxonomy":"post_tag","embeddable":true,"href":"https:\/\/www.focolare.org\/es\/wp-json\/wp\/v2\/tags?post=326186"}],"curies":[{"name":"wp","href":"https:\/\/api.w.org\/{rel}","templated":true}]}}