{"id":326232,"date":"2017-08-20T00:10:43","date_gmt":"2017-08-19T22:10:43","guid":{"rendered":"https:\/\/www.focolare.org\/jornada-mundial-de-oracion-por-la-creacion\/"},"modified":"2024-05-16T14:56:34","modified_gmt":"2024-05-16T12:56:34","slug":"jornada-mundial-de-oracion-por-la-creacion","status":"publish","type":"post","link":"https:\/\/www.focolare.org\/es\/jornada-mundial-de-oracion-por-la-creacion\/","title":{"rendered":"Jornada mundial de Oraci\u00f3n por la Creaci\u00f3n"},"content":{"rendered":"<p>La Jornada Mundial de la Oraci\u00f3n por el cuidado de la Creaci\u00f3n (1\u02da de setiembre) fue institu\u00edda por la Iglesia Ortodoxa en el 1989. Desde entonces, muchas otras Iglesias cristianas se han unido a la celebraci\u00f3n, entre ellas la Iglesia Cat\u00f3lica, despu\u00e9s de la Carta Enc\u00edclica del Papa Francisco \u00ab<a href=\"http:\/\/w2.vatican.va\/content\/francesco\/es\/encyclicals\/documents\/papa-francesco_20150524_enciclica-laudato-si.html\" target=\"_blank\" rel=\"noopener\">Laudato s\u00ed<\/a>\u00bb sobre el cuidado de la casa com\u00fan. La tutela y salvaguardia del ambiente, la responsabilidad y la atenci\u00f3n hacia cada persona y hacia el ambiente en el que vive, con especial atenci\u00f3n hacia los pobres y olvidados, ser\u00e1n los temas al centro de las iniciativas y de la oraci\u00f3n com\u00fan que se desarrollar\u00e1n en diferentes Pa\u00edses.<\/p>\n","protected":false},"excerpt":{"rendered":"<p>La Jornada Mundial de la Oraci\u00f3n por el cuidado de la Creaci\u00f3n (1\u02da de setiembre) fue institu\u00edda por la Iglesia Ortodoxa en el 1989. Desde entonces, muchas otras Iglesias cristianas se han unido a la celebraci\u00f3n, entre ellas la Iglesia Cat\u00f3lica, despu\u00e9s de la Carta Enc\u00edclica del Papa Francisco \u00abLaudato s\u00ed\u00bb sobre el cuidado de [&hellip;]<\/p>\n","protected":false},"author":34,"featured_media":0,"comment_status":"open","ping_status":"open","sticky":false,"template":"","format":"standard","meta":{"give_campaign_id":0,"_seopress_robots_primary_cat":"","_seopress_titles_title":"","_seopress_titles_desc":"","_seopress_robots_index":"","_et_pb_use_builder":"","_et_pb_old_content":"","_et_gb_content_width":"","footnotes":""},"categories":[46],"tags":[],"class_list":["post-326232","post","type-post","status-publish","format-standard","hentry","category-sin-categorizar"],"_links":{"self":[{"href":"https:\/\/www.focolare.org\/es\/wp-json\/wp\/v2\/posts\/326232","targetHints":{"allow":["GET"]}}],"collection":[{"href":"https:\/\/www.focolare.org\/es\/wp-json\/wp\/v2\/posts"}],"about":[{"href":"https:\/\/www.focolare.org\/es\/wp-json\/wp\/v2\/types\/post"}],"author":[{"embeddable":true,"href":"https:\/\/www.focolare.org\/es\/wp-json\/wp\/v2\/users\/34"}],"replies":[{"embeddable":true,"href":"https:\/\/www.focolare.org\/es\/wp-json\/wp\/v2\/comments?post=326232"}],"version-history":[{"count":0,"href":"https:\/\/www.focolare.org\/es\/wp-json\/wp\/v2\/posts\/326232\/revisions"}],"wp:attachment":[{"href":"https:\/\/www.focolare.org\/es\/wp-json\/wp\/v2\/media?parent=326232"}],"wp:term":[{"taxonomy":"category","embeddable":true,"href":"https:\/\/www.focolare.org\/es\/wp-json\/wp\/v2\/categories?post=326232"},{"taxonomy":"post_tag","embeddable":true,"href":"https:\/\/www.focolare.org\/es\/wp-json\/wp\/v2\/tags?post=326232"}],"curies":[{"name":"wp","href":"https:\/\/api.w.org\/{rel}","templated":true}]}}