{"id":346760,"date":"2011-11-11T09:23:03","date_gmt":"2011-11-11T08:23:03","guid":{"rendered":"https:\/\/www.focolare.org\/espanol-argentina-en-cordoba-heroes-de-hoy-santos-del-manana\/"},"modified":"2024-06-06T12:24:19","modified_gmt":"2024-06-06T10:24:19","slug":"espanol-argentina-en-cordoba-heroes-de-hoy-santos-del-manana","status":"publish","type":"post","link":"https:\/\/www.focolare.org\/es\/espanol-argentina-en-cordoba-heroes-de-hoy-santos-del-manana\/","title":{"rendered":"Argentina: en C\u00f3rdoba \u00abH\u00e9roes de hoy, santos del ma\u00f1ana\u00bb"},"content":{"rendered":"<p><strong><a href=\"https:\/\/www.focolare.org\/wp-content\/uploads\/2011\/11\/DSC_3165.jpg\"><img alt=\"\" alt=\"\" loading=\"lazy\" decoding=\"async\" class=\"alignleft size-large wp-image-49028\" style=\"margin: 5px\" src=\"https:\/\/www.focolare.org\/wp-content\/uploads\/2011\/11\/DSC_3165-210x140.jpg\" alt=\"\" width=\"210\" height=\"140\" \/><\/a>El martes 25 de octubre <\/strong><a title=\"Chiara Luce Badano\" href=\"http:\/\/www.chiaraluce.org\">Chiara Luce Badano<\/a> visit\u00f3 la ciudad de C\u00f3rdoba. Ese d\u00eda estuvo en la ciudad mediterr\u00e1nea el autor del libro recientemente publicado por la Editorial Ciudad Nueva <a title=\"Entre Cielo y Tierra\" href=\"https:\/\/www.focolare.org\/es\/news\/2011\/10\/19\/espanol-entre-cielo-y-tierra\/\">\u00abEntre Cielo y tierra\u00bb,<\/a> Franz Coriasco. <a href=\"https:\/\/www.focolare.org\/wp-content\/uploads\/2011\/11\/DSC_3174.jpg\"><img alt=\"\" alt=\"\" loading=\"lazy\" decoding=\"async\" class=\"alignright size-large wp-image-49029\" style=\"margin: 5px\" src=\"https:\/\/www.focolare.org\/wp-content\/uploads\/2011\/11\/DSC_3174-210x140.jpg\" alt=\"\" width=\"210\" height=\"140\" \/><\/a>Por la ma\u00f1ana tuvo oportunidad de encontrarse con 300 adolescentes de 11 escuelas secundarias. Despu\u00e9s de conocer la vida de Chiara Luce trabajaron en distintos workshop. Despu\u00e9s de poner en com\u00fan los resultados de los trabajos cada uno dej\u00f3 sus impresiones, como peque\u00f1os twiter a la nueva amiga: <em>\u00abQuisiera pedirte tantas cosas pero lo \u00fanico que te pido es que me contagies esa energ\u00eda imparable que dicen que ten\u00edas con la que afrontabas cada d\u00eda y poder contagiarla\u00bb; \u00abChiara Luce: ojal\u00e1 que tu <a href=\"https:\/\/www.focolare.org\/wp-content\/uploads\/2011\/11\/DSC_3163.jpg\"><img alt=\"\" alt=\"\" loading=\"lazy\" decoding=\"async\" class=\"alignleft size-large wp-image-49027\" style=\"margin: 5px\" src=\"https:\/\/www.focolare.org\/wp-content\/uploads\/2011\/11\/DSC_3163-210x140.jpg\" alt=\"\" width=\"210\" height=\"140\" \/><\/a>modelo de vida me ayude a m\u00ed y a todas las personas para construir un mundo mejor y m\u00e1s fraterno\u00bb; \u00abAdmiro tu fuerza&#8230; Gracias por demostrarme que se puede\u00bb.<\/em>  <strong>Siguieron otros momentos<\/strong>: con adultos en el \u00e1mbito de una parroquia y finalmente con j\u00f3venes del movimiento gen.<a href=\"https:\/\/www.focolare.org\/wp-content\/uploads\/2011\/11\/DSC_3188.jpg\"><img alt=\"\" alt=\"\" loading=\"lazy\" decoding=\"async\" class=\"alignright size-large wp-image-49030\" style=\"margin: 5px\" src=\"https:\/\/www.focolare.org\/wp-content\/uploads\/2011\/11\/DSC_3188-210x140.jpg\" alt=\"\" width=\"210\" height=\"140\" \/><\/a> Es clara y fuerte\u00a0la invitaci\u00f3n de Chiara Luce para ir contracorriente viviendo el Ideal de la unidad, siendo plenamente j\u00f3venes de hoy, \u00a0del siglo XXI.<\/p>\n","protected":false},"excerpt":{"rendered":"<p>Con tres eventos se conmemor\u00f3 el primer aniversario de la beatificaci\u00f3n de Chiara Luce Badano.<\/p>\n","protected":false},"author":1,"featured_media":0,"comment_status":"open","ping_status":"open","sticky":false,"template":"","format":"standard","meta":{"give_campaign_id":0,"_seopress_robots_primary_cat":"","_seopress_titles_title":"","_seopress_titles_desc":"","_seopress_robots_index":"","_et_pb_use_builder":"","_et_pb_old_content":"","_et_gb_content_width":"","footnotes":""},"categories":[3009],"tags":[3007,3006,2991,3001,3008,3005,3003,3004],"class_list":["post-346760","post","type-post","status-publish","format-standard","hentry","category-nuove-generazioni-4","tag-america-del-sud-4","tag-argentina-3","tag-chiara-luce-badano-2","tag-cordoba-2","tag-gen-6","tag-giovani-per-un-mondo-unito-5","tag-ragazzi-3","tag-ragazzi-per-lunita-2"],"_links":{"self":[{"href":"https:\/\/www.focolare.org\/es\/wp-json\/wp\/v2\/posts\/346760","targetHints":{"allow":["GET"]}}],"collection":[{"href":"https:\/\/www.focolare.org\/es\/wp-json\/wp\/v2\/posts"}],"about":[{"href":"https:\/\/www.focolare.org\/es\/wp-json\/wp\/v2\/types\/post"}],"author":[{"embeddable":true,"href":"https:\/\/www.focolare.org\/es\/wp-json\/wp\/v2\/users\/1"}],"replies":[{"embeddable":true,"href":"https:\/\/www.focolare.org\/es\/wp-json\/wp\/v2\/comments?post=346760"}],"version-history":[{"count":0,"href":"https:\/\/www.focolare.org\/es\/wp-json\/wp\/v2\/posts\/346760\/revisions"}],"wp:attachment":[{"href":"https:\/\/www.focolare.org\/es\/wp-json\/wp\/v2\/media?parent=346760"}],"wp:term":[{"taxonomy":"category","embeddable":true,"href":"https:\/\/www.focolare.org\/es\/wp-json\/wp\/v2\/categories?post=346760"},{"taxonomy":"post_tag","embeddable":true,"href":"https:\/\/www.focolare.org\/es\/wp-json\/wp\/v2\/tags?post=346760"}],"curies":[{"name":"wp","href":"https:\/\/api.w.org\/{rel}","templated":true}]}}