{"id":346796,"date":"2012-12-03T08:46:21","date_gmt":"2012-12-03T07:46:21","guid":{"rendered":"https:\/\/www.focolare.org\/espanol-buenos-aires-oracion-interreligiosa-por-la-paz\/"},"modified":"2024-06-06T12:24:23","modified_gmt":"2024-06-06T10:24:23","slug":"espanol-buenos-aires-oracion-interreligiosa-por-la-paz","status":"publish","type":"post","link":"https:\/\/www.focolare.org\/es\/espanol-buenos-aires-oracion-interreligiosa-por-la-paz\/","title":{"rendered":"Buenos Aires: oraci\u00f3n interreligiosa por la paz"},"content":{"rendered":"<p style=\"text-align: left\">Convocados por el arzobispo de Buenos Aires y primado de la Argentina, cardenal Jorge Mario Bergoglio (SJ), l\u00edderes religiosos jud\u00edos, musulmanes y evang\u00e9licos se unieron en una oraci\u00f3n interreligiosa en la catedral metropolitana, para rezar por la paz en la Franja de Gaza, donde numerosas personas sufren el \u201cflagelo del enfrentamiento y la desolaci\u00f3n\u201d.\u00a0<a href=\"https:\/\/www.focolare.org\/wp-content\/uploads\/2012\/12\/03.jpg\"><img alt=\"\" alt=\"\" loading=\"lazy\" decoding=\"async\" class=\"alignright  wp-image-75231\" style=\"margin: 5px;border: 0px none\" src=\"https:\/\/www.focolare.org\/wp-content\/uploads\/2012\/12\/03.jpg\" alt=\"\" width=\"147\" height=\"232\" \/><\/a><\/p>\n<p> \u201cTodo se pierde con la guerra, todo se gana con la paz. Con la paz se gana la dignidad, el respeto, porque la paz es obra de la justicia, la justicia nos viene de esa imagen que Dios puso en nuestro coraz\u00f3n\u00bb, expres\u00f3 Bergoglio.  Por su parte, Omar Abood, en representaci\u00f3n de los musulmanes, reconoci\u00f3 que \u201ca veces es dif\u00edcil esbozar algunas reflexi\u00f3n sobre la paz, en especial en estos momentos, porque corremos el riesgo de perdernos una<img alt=\"\" alt=\"\" loading=\"lazy\" decoding=\"async\" class=\"alignleft size-top_mini wp-image-75230\" style=\"margin: 5px;border: 0px none\" src=\"https:\/\/www.focolare.org\/wp-content\/uploads\/2012\/12\/02-200x123.jpg\" alt=\"\" width=\"200\" height=\"123\" \/> parte importante de la realidad y, a veces, de no tomar dimensi\u00f3n del sufrimiento del otro\u201d. Y se pregunt\u00f3 ante la asamblea: \u201c\u00bfQu\u00e9 lugar es el m\u00e1s sagrado? \u00bfLa mezquita de La Meca? \u00bfEl muro de Los Lamentos? \u00bfEl Santo Sepulcro? Todos son lugares sagrados, pero algo es seguro: el lugar m\u00e1s sagrado es siempre el otro\u201d.  En tanto, el rabino Abraham Skorka asegur\u00f3 que \u201calcanzar la paz no es algo simple y sencillo\u201d y record\u00f3 que para alcanzarla \u201cnecesitamos de Dios todopoderoso. Necesitamos que nos alcance con la chispa de su divinidad y nos ayude a lograr la paz verdadera\u201d, pero, aclar\u00f3: \u201cno la paz de los cementerios, o de los silencios de aquellos que ya no pueden hablar, sino la paz en la armon\u00eda en la vida\u201d.  <a href=\"https:\/\/www.focolare.org\/wp-content\/uploads\/2012\/12\/01.jpg\"><img alt=\"\" alt=\"\" loading=\"lazy\" decoding=\"async\" class=\"alignright size-top_mini wp-image-75229\" style=\"margin: 5px\" src=\"https:\/\/www.focolare.org\/wp-content\/uploads\/2012\/12\/01-200x123.jpg\" alt=\"\" width=\"200\" height=\"123\" \/><\/a>Tambi\u00e9n reflexionaron sobre este momento de tensi\u00f3n en la tierra de las tres religiones monoteistas, el pastor Carlos Mraida y el arzobispo\u00a0Tarasius, de la Iglesia Ortodoxa Griega.  <a href=\"https:\/\/www.focolare.org\/wp-content\/uploads\/2012\/12\/04.jpg\"><img alt=\"\" alt=\"\" loading=\"lazy\" decoding=\"async\" class=\"alignleft size-top_mini wp-image-75228\" style=\"margin: 5px\" src=\"https:\/\/www.focolare.org\/wp-content\/uploads\/2012\/12\/04-200x123.jpg\" alt=\"\" width=\"200\" height=\"123\" \/><\/a>En los bancos de la catedral pudo verse a representantes de las distintas religiones, sindicalistas, referentes del di\u00e1logo interreligioso, numerosos miembros de distintos movimientos &#8211; entre los que se contaban los Focolares, Comunit\u00e1 di Sant&#8217;Egidio y muchos otros que colmaron el hist\u00f3rico templo -.  Este gesto de oraci\u00f3n continuar\u00e1 el 5 y el 12 de diciembre en una mezquita y una sinagoga, respectivamente.<\/p>\n","protected":false},"excerpt":{"rendered":"<p>El 21 de Noviembre pasado se reunieron en la Catedral Metropolitana de Buenos Aires representantes de distintas religiones para orar por la paz en la Franja de Gaza.<\/p>\n","protected":false},"author":1,"featured_media":0,"comment_status":"open","ping_status":"open","sticky":false,"template":"","format":"standard","meta":{"give_campaign_id":0,"_seopress_robots_primary_cat":"","_seopress_titles_title":"","_seopress_titles_desc":"","_seopress_robots_index":"","_et_pb_use_builder":"","_et_pb_old_content":"","_et_gb_content_width":"","footnotes":""},"categories":[2995,905],"tags":[3007,3006,3061,3051,160],"class_list":["post-346796","post","type-post","status-publish","format-standard","hentry","category-focolari-nel-mondo-4","category-senza-categoria-2-2","tag-america-del-sud-4","tag-argentina-3","tag-dialogo-interreligioso-4","tag-grandi-religioni-3","tag-senza-categoria"],"_links":{"self":[{"href":"https:\/\/www.focolare.org\/es\/wp-json\/wp\/v2\/posts\/346796","targetHints":{"allow":["GET"]}}],"collection":[{"href":"https:\/\/www.focolare.org\/es\/wp-json\/wp\/v2\/posts"}],"about":[{"href":"https:\/\/www.focolare.org\/es\/wp-json\/wp\/v2\/types\/post"}],"author":[{"embeddable":true,"href":"https:\/\/www.focolare.org\/es\/wp-json\/wp\/v2\/users\/1"}],"replies":[{"embeddable":true,"href":"https:\/\/www.focolare.org\/es\/wp-json\/wp\/v2\/comments?post=346796"}],"version-history":[{"count":0,"href":"https:\/\/www.focolare.org\/es\/wp-json\/wp\/v2\/posts\/346796\/revisions"}],"wp:attachment":[{"href":"https:\/\/www.focolare.org\/es\/wp-json\/wp\/v2\/media?parent=346796"}],"wp:term":[{"taxonomy":"category","embeddable":true,"href":"https:\/\/www.focolare.org\/es\/wp-json\/wp\/v2\/categories?post=346796"},{"taxonomy":"post_tag","embeddable":true,"href":"https:\/\/www.focolare.org\/es\/wp-json\/wp\/v2\/tags?post=346796"}],"curies":[{"name":"wp","href":"https:\/\/api.w.org\/{rel}","templated":true}]}}