{"id":346812,"date":"2013-04-15T05:42:08","date_gmt":"2013-04-15T03:42:08","guid":{"rendered":"https:\/\/www.focolare.org\/espanol-fraternidad-y-educacion\/"},"modified":"2024-06-06T12:24:25","modified_gmt":"2024-06-06T10:24:25","slug":"espanol-fraternidad-y-educacion","status":"publish","type":"post","link":"https:\/\/www.focolare.org\/es\/espanol-fraternidad-y-educacion\/","title":{"rendered":"Fraternidad y educaci\u00f3n"},"content":{"rendered":"<p><strong><img alt=\"\" alt=\"\" loading=\"lazy\" decoding=\"async\" class=\"alignleft size-full wp-image-83028\" style=\"margin: 10px\" src=\"https:\/\/www.focolare.org\/wp-content\/uploads\/2013\/04\/fraternidadyeducacion.jpg\" alt=\"\" width=\"133\" height=\"197\" \/>Autor:<\/strong> Rodrigo Mardones<\/p>\n<p>Este es el s\u00e9ptimo volumen de la serie de libros sobre fraternidad publicados por Ciudad Nueva a partir del a\u00f1o 2006. Su particularidad radica en constituirse en un proyecto colectivo tem\u00e1tico sobre educaci\u00f3n con una orientaci\u00f3n definida por Rodrigo Mardones -como editor del volumen- consistente en incluir la perspectiva de la fraternidad, tal como se ha venido formulando en el contexto de la Red Universitaria para el Estudio de la Fraternidad (<a title=\"RUEF\" href=\"http:\/\/www.ruef.net.br\" target=\"_blank\" rel=\"noopener\">RUEF<\/a>). El editor busc\u00f3 poner en di\u00e1logo el trabajo previo de la serie de libros con los aportes espec\u00edficos de estudiosos especialistas en educaci\u00f3n, quienes no necesariamente estaban familiarizados con la producci\u00f3n intelectual interdisciplinaria de la RUEF.<\/p>\n<p>El presente volumen aborda de manera sistem\u00e1tica una variedad de temas que est\u00e1n en la intersecci\u00f3n entre fraternidad y educaci\u00f3n: aprendizaje-servicio solidario (M. Nieves Tapia), formaci\u00f3n \u00e9tica universitaria (Pablo Ram\u00edrez Rivas), fraternidad como una filosof\u00eda educacional centrada en valores (Michele De Beni), fraternidad en la pr\u00e1ctica de la prosocialidad (Pilar Escotor\u00edn, Ignasi Roche y Robert Roche), fraternidad en los curr\u00edculos escolares en Am\u00e9rica Latina (Cristi\u00e1n Cox), capital social, confianza y educaci\u00f3n (Sebasti\u00e1n Cea y Alejandra Marinovic) y fraternidad y educaci\u00f3n democr\u00e1tica liberal (Rodrigo Mardones).<\/p>\n<p>El presente libro expone una cantidad considerable de argumentos te\u00f3ricos, evidencia emp\u00edrica y experiencias. Tambi\u00e9n define algunos alcances de la interrelaci\u00f3n entre fraternidad y educaci\u00f3n, todo lo cual puede nutrir el debate acad\u00e9mico, la discusi\u00f3n de pol\u00edticas educacionales y la misma pr\u00e1ctica educativa.<\/p>\n<p><a title=\"Grupo Editorial Ciudad Nueva\" href=\"http:\/\/www.ciudadnueva.org.ar\" target=\"_blank\" rel=\"noopener\">\u00a0Grupo Editorial Ciudad Nueva (Buenos Aires)<\/a><\/p>\n","protected":false},"excerpt":{"rendered":"<p>Un principio para la formaci\u00f3n ciudadana y la convivencia democr\u00e1tica<\/p>\n","protected":false},"author":34,"featured_media":0,"comment_status":"open","ping_status":"open","sticky":false,"template":"","format":"standard","meta":{"give_campaign_id":0,"_seopress_robots_primary_cat":"","_seopress_titles_title":"","_seopress_titles_desc":"","_seopress_robots_index":"","_et_pb_use_builder":"","_et_pb_old_content":"","_et_gb_content_width":"","footnotes":""},"categories":[2996],"tags":[3007,3013,3006,3082,3062,3047,3038,3043,3046,3034,3049,3045,3036,3044,3037,3090,3050,3048,3039,3040,3058,3041,3024,3031],"class_list":["post-346812","post","type-post","status-publish","format-standard","hentry","category-cultura-4","tag-america-del-sud-4","tag-america-nord-e-centrale-3","tag-argentina-3","tag-brasile-4","tag-cile-3","tag-costa-rica-3","tag-cuba-3","tag-ecuador-3","tag-el-salvador-3","tag-guatemala-3","tag-haiti-3","tag-honduras-3","tag-messico-3","tag-nicaragua-3","tag-novita-editoriali-4","tag-pace-2","tag-panama-3","tag-paraguay-3","tag-peru-3","tag-rep-dominicana-3","tag-spagna-2","tag-stati-uniti-3","tag-uruguay-3","tag-venezuela-3"],"_links":{"self":[{"href":"https:\/\/www.focolare.org\/es\/wp-json\/wp\/v2\/posts\/346812","targetHints":{"allow":["GET"]}}],"collection":[{"href":"https:\/\/www.focolare.org\/es\/wp-json\/wp\/v2\/posts"}],"about":[{"href":"https:\/\/www.focolare.org\/es\/wp-json\/wp\/v2\/types\/post"}],"author":[{"embeddable":true,"href":"https:\/\/www.focolare.org\/es\/wp-json\/wp\/v2\/users\/34"}],"replies":[{"embeddable":true,"href":"https:\/\/www.focolare.org\/es\/wp-json\/wp\/v2\/comments?post=346812"}],"version-history":[{"count":0,"href":"https:\/\/www.focolare.org\/es\/wp-json\/wp\/v2\/posts\/346812\/revisions"}],"wp:attachment":[{"href":"https:\/\/www.focolare.org\/es\/wp-json\/wp\/v2\/media?parent=346812"}],"wp:term":[{"taxonomy":"category","embeddable":true,"href":"https:\/\/www.focolare.org\/es\/wp-json\/wp\/v2\/categories?post=346812"},{"taxonomy":"post_tag","embeddable":true,"href":"https:\/\/www.focolare.org\/es\/wp-json\/wp\/v2\/tags?post=346812"}],"curies":[{"name":"wp","href":"https:\/\/api.w.org\/{rel}","templated":true}]}}