{"id":346842,"date":"2013-10-23T07:54:30","date_gmt":"2013-10-23T05:54:30","guid":{"rendered":"https:\/\/www.focolare.org\/espanol-en-argentina-prepararse-para-votar-a-los-16-anos\/"},"modified":"2024-06-06T12:24:27","modified_gmt":"2024-06-06T10:24:27","slug":"espanol-en-argentina-prepararse-para-votar-a-los-16-anos","status":"publish","type":"post","link":"https:\/\/www.focolare.org\/es\/espanol-en-argentina-prepararse-para-votar-a-los-16-anos\/","title":{"rendered":"En Argentina: prepararse para votar a los 16 a\u00f1os"},"content":{"rendered":"<p align=\"JUSTIFY\"><span style=\"color: #222222\"><span style=\"font-family: Calibri, sans-serif\">El domingo 27 de octubre se vota en toda Argentina y por primera vez son admitidos al voto los adolescentes a partir de los 16 a\u00f1os. Los <a title=\"Chicos por la unidad\" href=\"https:\/\/www.focolare.org\/movimento-dei-focolari\/un-popolo\/rpu\/\" target=\"_blank\" rel=\"noopener\">Chicos por un mundo unido<\/a> de la Ciudad de Buenos Aires quisieron prepararse para este paso fundamental en el ejercicio de ciudadan\u00eda. Para ello invitaron a candidatos de distintos partidos pol\u00edticos. Respondieron tres: Mar\u00eda Eugenia Estenssoro (UNEN), Laura Alonso (PRO) y Liliana Piani (Frente Progresista C\u00edvico y Social). La cita fue el s\u00e1bado 19 de octubre en un lugar emblem\u00e1tico de la ciudad: la \u201c<a href=\"http:\/\/www.manzanadelasluces.gov.ar\/\" target=\"_blank\" rel=\"noopener\">Manzana de Las Luces<\/a>\u201d, precisamente en la Sala de Representantes construida en 1821, cuando comenzaba a forjarse la Argentina. <\/span><\/span><\/p>\n<p align=\"JUSTIFY\"><span style=\"color: #222222\"><span style=\"font-family: Calibri, sans-serif\"><span><a href=\"https:\/\/www.focolare.org\/wp-content\/uploads\/2013\/10\/IMG_8305.jpg\"><img alt=\"\" alt=\"\" loading=\"lazy\" decoding=\"async\" class=\"alignleft  wp-image-94842\" style=\"margin: 5px\" src=\"https:\/\/www.focolare.org\/wp-content\/uploads\/2013\/10\/IMG_8305-250x166.jpg\" alt=\"\" width=\"250\" height=\"166\" \/><\/a>El encuentro fue moderado por cuatro de los chicos que pidieron a las candidatas que contaran su historia personal y el por qu\u00e9 del compromiso pol\u00edtico. En un clima de confianza e intimidad, las candidatas se animaron a compartir su trayectoria, algo poco com\u00fan en encuentros pol\u00edticos tradicionales. <\/span><\/span><\/span><\/p>\n<p align=\"JUSTIFY\"><span style=\"color: #222222\"><span style=\"font-family: Calibri, sans-serif\"><span>En un segundo momento, las pol\u00edticas, presentaron sus respectivos partidos pol\u00edticos y explicaron por qu\u00e9 formaban parte de los mismos. Las tres coincidieron en la necesidad de que en la pol\u00edtica argentina existiera una alternativa al bipartidismo que se afirm\u00f3 en las \u00faltimas d\u00e9cadas del siglo pasado. Casualmente, los partidos que ellas representan surgieron luego del estallido social de diciembre del 2001.<a href=\"https:\/\/www.focolare.org\/wp-content\/uploads\/2013\/10\/IMG_8348.jpg\"><img alt=\"\" alt=\"\" loading=\"lazy\" decoding=\"async\" class=\"alignright  wp-image-94839\" style=\"margin: 5px\" src=\"https:\/\/www.focolare.org\/wp-content\/uploads\/2013\/10\/IMG_8348-250x166.jpg\" alt=\"\" width=\"250\" height=\"166\" \/><\/a> <\/span><\/span><\/span><\/p>\n<p align=\"JUSTIFY\"><span style=\"color: #222222\"><span style=\"font-family: Calibri, sans-serif\"><span>Finalmente, los chicos plantearon a las candidatas su agenda de temas y las invitaron a exponer sus propuestas con respecto a los mismos. Los chicos hab\u00edan trabajado previamente en la elecci\u00f3n de temas y la generaci\u00f3n de las preguntas. Los argumentos elegidos fueron Seguridad, Medio Ambiente y Educaci\u00f3n. Las preguntas, planteadas desde la perspectiva de los j\u00f3venes, de acuerdo a sus propias vivencias, y el di\u00e1logo que fue surgiendo, estuvo regido por el esp\u00edritu de fraternidad: escuchar sin prejuicios, estar dispuestos a aprender del otro y -la regla de oro- \u00abhacer al otro lo que quisieras que te hagan a ti\u00bb. De ese modo las candidatas pudieron plantear sus diferencias de manera respetuosa y casi no hubo interrupciones durante las exposiciones. <\/span><\/span><\/span><\/p>\n<p align=\"JUSTIFY\"><span style=\"color: #222222\"><span style=\"font-family: Calibri, sans-serif\"><span><a href=\"https:\/\/www.focolare.org\/wp-content\/uploads\/2013\/10\/IMG_8373.jpg\"><img alt=\"\" alt=\"\" loading=\"lazy\" decoding=\"async\" class=\"alignleft  wp-image-94840\" style=\"margin: 5px\" src=\"https:\/\/www.focolare.org\/wp-content\/uploads\/2013\/10\/IMG_8373-250x166.jpg\" alt=\"\" width=\"250\" height=\"166\" \/><\/a>A lo largo del encuentro, las candidatas resaltaron la importancia de que los j\u00f3venes se involucraran en pol\u00edtica y que se generaran espacios de di\u00e1logo como ese. Coincidieron en que si bien la pol\u00edtica requiere sacrificio, tambi\u00e9n da muchas satisfacciones al constituirse como veh\u00edculo para construir un pa\u00eds m\u00e1s justo. \u00ab<strong>Mi deseo es que los j\u00f3venes no nos acompa\u00f1en, sino que nos reemplacen<\/strong>\u00ab, se\u00f1al\u00f3 Liliana Piani. Mar\u00eda Eugenia Estenssoro les dijo que no deb\u00edan acostumbrarse a la pobreza que hoy parece estructural, porque en el pasado no era as\u00ed. Laura Alonso, por su parte, dijo que \u00ab<strong>la pol\u00edtica ha sido generosa conmigo<\/strong>\u00ab. <\/span><\/span><\/span><\/p>\n","protected":false},"excerpt":{"rendered":"<p>Los Chicos por un mundo unido de Buenos Aires organizaron un debate con tres candidatas en las pr\u00f3ximas elecciones legislativas. Un di\u00e1logo enriquecedor y motivante para el compromiso ciudadano.<\/p>\n","protected":false},"author":1,"featured_media":0,"comment_status":"open","ping_status":"open","sticky":false,"template":"","format":"standard","meta":{"give_campaign_id":0,"_seopress_robots_primary_cat":"","_seopress_titles_title":"","_seopress_titles_desc":"","_seopress_robots_index":"","_et_pb_use_builder":"","_et_pb_old_content":"","_et_gb_content_width":"","footnotes":""},"categories":[2996,2995,3009],"tags":[3006,3029,3106,3064,3004],"class_list":["post-346842","post","type-post","status-publish","format-standard","hentry","category-cultura-4","category-focolari-nel-mondo-4","category-nuove-generazioni-4","tag-argentina-3","tag-azioni-per-la-citta-2","tag-mppu-2","tag-politica-3","tag-ragazzi-per-lunita-2"],"_links":{"self":[{"href":"https:\/\/www.focolare.org\/es\/wp-json\/wp\/v2\/posts\/346842","targetHints":{"allow":["GET"]}}],"collection":[{"href":"https:\/\/www.focolare.org\/es\/wp-json\/wp\/v2\/posts"}],"about":[{"href":"https:\/\/www.focolare.org\/es\/wp-json\/wp\/v2\/types\/post"}],"author":[{"embeddable":true,"href":"https:\/\/www.focolare.org\/es\/wp-json\/wp\/v2\/users\/1"}],"replies":[{"embeddable":true,"href":"https:\/\/www.focolare.org\/es\/wp-json\/wp\/v2\/comments?post=346842"}],"version-history":[{"count":0,"href":"https:\/\/www.focolare.org\/es\/wp-json\/wp\/v2\/posts\/346842\/revisions"}],"wp:attachment":[{"href":"https:\/\/www.focolare.org\/es\/wp-json\/wp\/v2\/media?parent=346842"}],"wp:term":[{"taxonomy":"category","embeddable":true,"href":"https:\/\/www.focolare.org\/es\/wp-json\/wp\/v2\/categories?post=346842"},{"taxonomy":"post_tag","embeddable":true,"href":"https:\/\/www.focolare.org\/es\/wp-json\/wp\/v2\/tags?post=346842"}],"curies":[{"name":"wp","href":"https:\/\/api.w.org\/{rel}","templated":true}]}}