{"id":347626,"date":"2011-11-16T07:58:40","date_gmt":"2011-11-16T06:58:40","guid":{"rendered":"https:\/\/www.focolare.org\/parana-argentina-peregrinacion-en-la-fiesta-de-chiara-luce-badano\/"},"modified":"2024-06-06T12:26:58","modified_gmt":"2024-06-06T10:26:58","slug":"parana-argentina-peregrinacion-en-la-fiesta-de-chiara-luce-badano","status":"publish","type":"post","link":"https:\/\/www.focolare.org\/es\/parana-argentina-peregrinacion-en-la-fiesta-de-chiara-luce-badano\/","title":{"rendered":"Paran\u00e1, Argentina: peregrinaci\u00f3n en la fiesta de Chiara Luce Badano"},"content":{"rendered":"<p><strong>29 de octubre de 2011. Fiesta  de la Beata <a href=\"http:\/\/www.chiaraluce.org\/es\/Home\/Index\" target=\"_blank\" rel=\"noopener\">Chiara Luce<\/a> Badano, un testimonio fuerte para los j\u00f3venes de  hoy:<\/strong> una chica como todos, que sin dejar de vivir plenamente su  adolescencia y juventud decidi\u00f3 dar su s\u00ed a Jes\u00fas, especialmente en los  momentos m\u00e1s dolorosos de la vida.  <strong>Paran\u00e1 es la capital de la  Provincia de Entre R\u00edos. Fue uno de las primeras  comunidades en recibir un focolar, all\u00e1 por los a\u00f1os &#8217;60, <\/strong>cuando todav\u00eda  no exist\u00edan todas las v\u00edas de comunicaci\u00f3n que hoy est\u00e1n disponibles:  puentes y un t\u00fanel subfluvial.  <strong>Pocos d\u00edas antes se hab\u00eda presentado  el libro: <a href=\"http:\/\/www.ciudadnueva.org.ar\/colecciones-de-libros\/semblanzas\/entre-cielo-y-tierra\" target=\"_blank\" rel=\"noopener\">\u201cEntre Cielo y Tierra\u201d, <\/a>en el que Franz Coriasco, cuenta la  historia de Chiara Luce <\/strong>desde la cercan\u00eda de quien vivi\u00f3 la  cotidianeidad con ella. En esa oportunidad, en el sugestivo marco del  Museo hist\u00f3rico Martiniano Leguizam\u00f3n, se gener\u00f3 un di\u00e1logo vivaz con el  autor.  Ahora, bajo un cielo l\u00edmpido en el atardecer de  este s\u00e1bado, casi <strong>un centenar de j\u00f3venes caminan juntos desde los  l\u00edmites de la ciudad hasta e<\/strong>l <a href=\"https:\/\/www.focolare.org\/es\/news\/2011\/04\/15\/parana\/\"><strong>Centro Mari\u00e1polis \u201cEl Salvador\u201d<\/strong><\/a>, ubicado  en en medio de sembrad\u00edos de granos y grandes huertas. El crep\u00fasculo  forma un juego de colores espectaculares. <strong>Con ellos est\u00e1 tambi\u00e9n el  Cardenal Estanislao Karlic, arzobispo em\u00e9rito<\/strong>. Se canta, se escuchan  relatos, fragmentos de sus escritos.  Ya en destino, el Cardenal  celebra la misa en la Capilla del Centro y al entronizar la imagen de  Chiara Luce que quedar\u00e1 expuesta, expresa: <strong>\u201cpidamos, por intercesi\u00f3n de  Chiara Luce, que este sea su Santuario, un santuario de los j\u00f3venes,  donde puedan encontrar siempre acogida.\u201d<\/strong>  Un desaf\u00edo y un  programa, que trasciende la simple veneraci\u00f3n, sino que invita a cada  uno a seguir el testimonio de Chiara Luce all\u00ed donde vive y act\u00faa.  Ya cay\u00f3 el sol y con antorchas se trasladan al sal\u00f3n del Centro donde ven un video que cuenta la historia de Chiara Luce.  <strong>El  Canal 11, el canal local, sigui\u00f3 todo el desarrollo del evento. <\/strong>M\u00e1s  tarde transmiti\u00f3 una entrevista con el padre Jos\u00e9 Carlos Badano,  sacerdote de la Arquidi\u00f3cesis de Paran\u00e1 y pariente de Chiara Luce.  <a href=\"http:\/\/www.elonce.com\/videos\/video.php?id=151714\">http:\/\/www.elonce.com\/videos\/video.php?id=151714<\/a><\/p>\n","protected":false},"excerpt":{"rendered":"<p>Estuvo presente el Cardenal Estanislao Karlic, quien camin\u00f3 junto a un centenar de j\u00f3venes los tres kil\u00f3metros desde la ciudad hasta el Centro Mari\u00e1polis \u201cEl Salvador\u201d.<\/p>\n","protected":false},"author":1,"featured_media":0,"comment_status":"open","ping_status":"open","sticky":false,"template":"","format":"standard","meta":{"give_campaign_id":0,"_seopress_robots_primary_cat":"","_seopress_titles_title":"","_seopress_titles_desc":"","_seopress_robots_index":"","_et_pb_use_builder":"","_et_pb_old_content":"","_et_gb_content_width":"","footnotes":""},"categories":[46],"tags":[],"class_list":["post-347626","post","type-post","status-publish","format-standard","hentry","category-sin-categorizar"],"_links":{"self":[{"href":"https:\/\/www.focolare.org\/es\/wp-json\/wp\/v2\/posts\/347626","targetHints":{"allow":["GET"]}}],"collection":[{"href":"https:\/\/www.focolare.org\/es\/wp-json\/wp\/v2\/posts"}],"about":[{"href":"https:\/\/www.focolare.org\/es\/wp-json\/wp\/v2\/types\/post"}],"author":[{"embeddable":true,"href":"https:\/\/www.focolare.org\/es\/wp-json\/wp\/v2\/users\/1"}],"replies":[{"embeddable":true,"href":"https:\/\/www.focolare.org\/es\/wp-json\/wp\/v2\/comments?post=347626"}],"version-history":[{"count":0,"href":"https:\/\/www.focolare.org\/es\/wp-json\/wp\/v2\/posts\/347626\/revisions"}],"wp:attachment":[{"href":"https:\/\/www.focolare.org\/es\/wp-json\/wp\/v2\/media?parent=347626"}],"wp:term":[{"taxonomy":"category","embeddable":true,"href":"https:\/\/www.focolare.org\/es\/wp-json\/wp\/v2\/categories?post=347626"},{"taxonomy":"post_tag","embeddable":true,"href":"https:\/\/www.focolare.org\/es\/wp-json\/wp\/v2\/tags?post=347626"}],"curies":[{"name":"wp","href":"https:\/\/api.w.org\/{rel}","templated":true}]}}