{"id":347628,"date":"2011-11-17T09:47:18","date_gmt":"2011-11-17T08:47:18","guid":{"rendered":"https:\/\/www.focolare.org\/historias-de-empresarios-la-unitrat-de-bari\/"},"modified":"2024-06-06T12:26:59","modified_gmt":"2024-06-06T10:26:59","slug":"historias-de-empresarios-la-unitrat-de-bari","status":"publish","type":"post","link":"https:\/\/www.focolare.org\/es\/historias-de-empresarios-la-unitrat-de-bari\/","title":{"rendered":"Historias de empresarios: la Unitrat de Bari"},"content":{"rendered":"<p><div id=\"attachment_49373\" style=\"width: 210px\" class=\"wp-caption alignleft\"><img alt=\"\" alt=\"\" loading=\"lazy\" decoding=\"async\" aria-describedby=\"caption-attachment-49373\" class=\"size-full wp-image-49373\" style=\"margin-right: 10px;border: 0pt none\" src=\"https:\/\/www.focolare.org\/wp-content\/uploads\/2011\/11\/2011117-01.jpg\" alt=\"\" width=\"200\" height=\"176\" \/><p id=\"caption-attachment-49373\" class=\"wp-caption-text\">Franco Caradonna<\/p><\/div>  <strong>Con 35 a\u00f1os de vida Unitrat tiene una historia que contar. <\/strong>Desde el hacerle frente a la p\u00e9rdida de puestos de trabajo, al respeto hacia la competencia; del compartir experiencias t\u00e9cnicas al \u2018contrato de la solidaridad\u2019; hasta el nacimiento de una cooperativa social para las personas con discapacidad, un centro socio-sanitario y una Escuela de Verano Civil. Caradonna nos ayuda a entrar en las din\u00e1micas de la empresa que lo ha llevado a tomar decisiones valientes. <strong> \u00abEstudi\u00e9 y me cas\u00e9 en Tur\u00edn,<\/strong> donde hab\u00eda llegado con los m\u00edos desde Pul\u00eda, mi tierra natal. Despu\u00e9s de varias experiencias como trabajador independiente, junto con seis amigos nos lanzamos en una aventura m\u00e1s grande, juntamos nuestros ahorros, capacidades profesionales, ideas y tiempo libre.  Dado que algunos de nosotros \u00e9ramos meridionales, decidimos establecer la empresa cerca de Bari, la Unitrat s.r.l. Soy el administrador de esta empresa , donde actualmente trabajan 25 empleados y que tiene alrededor de600 clientes en un radio de 500 Km. En los \u00faltimos dos a\u00f1os las ganancias se han reducido en un 50% debido a la crisis del sector en el que trabajamos, el metalmec\u00e1nico.  <strong>Cuando en 1991 Chiara Lubich lanz\u00f3 la Econom\u00eda de Comuni\u00f3n (EdC)<\/strong>, cuando sentimos que, era una confirmaci\u00f3n para nuestra experiencia y esto nos dio mayor impulso para ir adelante. Las dificultades que a menudo encontramos se refieren  a una infraestructura insuficiente, pero tambi\u00e9n a una \u201cpobreza socio-cultural\u201d que tiene ra\u00edces profundas y que incide en la participaci\u00f3n y en la responsabilidad. A pesar de las dificultades hemos tratado de construir relaciones desinteresadas, de confianza y reciprocidad, con dependientes, clientes, proveedores, la competencia y las instituciones.  <strong>Un ejemplo.<\/strong> El titular de una empresa proveedora tuvo un infarto que provoc\u00f3 serios problemas econ\u00f3micos a la misma. En lugar de dirigirnos a otros, como habr\u00eda sido lo m\u00e1s prudente, seguimos compr\u00e1ndoles a ellos anticip\u00e1ndoles algunos pagos para permitirles pagar los sueldos y algunas deudas urgentes.  El consultor administrativo que ten\u00edan los abandon\u00f3. Entonces nuestro colaborador se ofreci\u00f3 a ponerles al d\u00eda las escrituras que les hab\u00edan quedado rezagadas. Dado que a pesar de todo no lograron evitar la quiebra, asumimos a dos de sus empleados y le ayudamos a un tercero a empezar una actividad por cuenta propia. Salimos de esta operaci\u00f3n sin p\u00e9rdidas, porque habiendo aceptado la sugerencia del titular de comprarles la maquinaria a bajo costo revendimos algunas cosas y recuperamos m\u00e1s del costo.  Convencidos de que <strong>los resultados no dependen s\u00f3lo de la inversi\u00f3n, sino sobre todo de las personas,<\/strong> hemos tratado de involucrar a los empleados con una participaci\u00f3n en las acciones y en la distribuci\u00f3n extracontractual de parte de las utilidades, mientras que la otra parte se destina a los fines de la EdC.  En el 2000 ayudamos a hacer nacer <strong>una cooperativa social para personas discapacitadas <\/strong>estipulando un acuerdo con otras diez empresas y la alcald\u00eda de Bari para acoger en nuestras empresas a menores en situaciones de riesgo. Organizamos algunos talleres para estudiantes de escuelas superiores dentro de nuestras empresas e instituimos premios por la graduaci\u00f3n y becas para estudiantes universitarios del Polit\u00e9cnico.  La Conferencia Episcopal de Pul\u00eda propuso, en el 2008, el nacimiento de una Asociaci\u00f3n de <strong>empresarios, profesionales y artesanos<\/strong> (UCID). Me dieron la responsabilidad de la nueva Asociaci\u00f3n. Lo hemos sentido como un fruto de las relaciones construidas durante estos a\u00f1os.  Este a\u00f1o, como UCID Pul\u00eda, hemos contribuido a la preparaci\u00f3n de la <strong>\u201cEscuela de Verano\u201d de Econom\u00eda Civil,<\/strong> involucrando a 50 j\u00f3venes de nuestra Regi\u00f3n la cual tendr\u00e1 lugar durante todo el a\u00f1o siguiendo cuatro itinerarios formativos, de los cuales el primero ya se desarroll\u00f3 del 31 de agosto al 4 de septiembre pasados\u00bb.  <strong>Fuente:<\/strong> <a href=\"http:\/\/www.edc-online.org\">Edc Online<\/a>  <strong>Texto completo:<\/strong> <a href=\"http:\/\/www.edc-online.org\/it\/pubblicazioni\/interventi-a-convegni\/111-convegni\/1951-testimonianze-dalle-aziende-la-unitrat-di-bari.html\">http:\/\/www.edc-online.org\/it\/pubblicazioni\/interventi-a-convegni\/111-convegni\/1951-testimonianze-dalle-aziende-la-unitrat-di-bari.html<\/a><\/p>\n","protected":false},"excerpt":{"rendered":"<p>Una empresa del sector del acero en el sur de Italia. Nos habla el administrador encargado, Franco Cardona, entrelazando su historia personal con la de la empresa.<\/p>\n","protected":false},"author":34,"featured_media":0,"comment_status":"open","ping_status":"open","sticky":false,"template":"","format":"standard","meta":{"give_campaign_id":0,"_seopress_robots_primary_cat":"","_seopress_titles_title":"","_seopress_titles_desc":"","_seopress_robots_index":"","_et_pb_use_builder":"","_et_pb_old_content":"","_et_gb_content_width":"","footnotes":""},"categories":[904],"tags":[],"class_list":["post-347628","post","type-post","status-publish","format-standard","hentry","category-focolare-worldwide-2-2"],"_links":{"self":[{"href":"https:\/\/www.focolare.org\/es\/wp-json\/wp\/v2\/posts\/347628","targetHints":{"allow":["GET"]}}],"collection":[{"href":"https:\/\/www.focolare.org\/es\/wp-json\/wp\/v2\/posts"}],"about":[{"href":"https:\/\/www.focolare.org\/es\/wp-json\/wp\/v2\/types\/post"}],"author":[{"embeddable":true,"href":"https:\/\/www.focolare.org\/es\/wp-json\/wp\/v2\/users\/34"}],"replies":[{"embeddable":true,"href":"https:\/\/www.focolare.org\/es\/wp-json\/wp\/v2\/comments?post=347628"}],"version-history":[{"count":0,"href":"https:\/\/www.focolare.org\/es\/wp-json\/wp\/v2\/posts\/347628\/revisions"}],"wp:attachment":[{"href":"https:\/\/www.focolare.org\/es\/wp-json\/wp\/v2\/media?parent=347628"}],"wp:term":[{"taxonomy":"category","embeddable":true,"href":"https:\/\/www.focolare.org\/es\/wp-json\/wp\/v2\/categories?post=347628"},{"taxonomy":"post_tag","embeddable":true,"href":"https:\/\/www.focolare.org\/es\/wp-json\/wp\/v2\/tags?post=347628"}],"curies":[{"name":"wp","href":"https:\/\/api.w.org\/{rel}","templated":true}]}}