{"id":347658,"date":"2011-12-03T09:27:15","date_gmt":"2011-12-03T08:27:15","guid":{"rendered":"https:\/\/www.focolare.org\/tierra-del-fuego-jovenes-protagonistas-en-la-politica\/"},"modified":"2024-06-06T12:27:04","modified_gmt":"2024-06-06T10:27:04","slug":"tierra-del-fuego-jovenes-protagonistas-en-la-politica","status":"publish","type":"post","link":"https:\/\/www.focolare.org\/es\/tierra-del-fuego-jovenes-protagonistas-en-la-politica\/","title":{"rendered":"Tierra del Fuego: j\u00f3venes protagonistas en la pol\u00edtica"},"content":{"rendered":"<p><img alt=\"\" alt=\"\" loading=\"lazy\" decoding=\"async\" class=\"alignright size-full wp-image-50191\" style=\"margin-left: 10px;border: 0pt\" src=\"https:\/\/www.focolare.org\/wp-content\/uploads\/2011\/12\/20111203-01.jpg\" alt=\"\" width=\"242\" height=\"179\" \/>\u00ab<strong><a>El Movimiento pol\u00edtico por la unidad en Argentina<\/a><\/strong> (Mppu), trabaja desde hace a\u00f1os para difundir la dimensi\u00f3n de la fraternidad en el seno de la vida de los partidos pol\u00edticos, al igual que se hace en otros pa\u00edses donde est\u00e1 presente. Juan Jos\u00e9 Pfeifauf (del Partido \u201cFrente para la Victoria\u201d) y Pilar Goldmann (del Partido \u201cGEN\/Generaci\u00f3n para un Encuentro Nacional\u201d), son dos j\u00f3venes que llegaron de visita a R\u00edo Grande (Tierra del Fuego, Argentina), la capital m\u00e1s al sur del mundo.  Militantes de dos partidos pol\u00edticos distintos, han querido recordar que inspirarse en la fraternidad significa <em>\u201cconcretar esta idea entre partidos pol\u00edticos diversos, haciendo un ejercicio de empat\u00eda hacia el otro, con humildad, sabiendo que nadie posee la verdad absoluta con respecto a un proyecto, y empezando por reconocer en el otro a un interlocutor v\u00e1lido y necesario\u201d.<\/em>  Su visita est\u00e1 en el marco del itinerario de acompa\u00f1amiento de la <strong>Escuela de formaci\u00f3n pol\u00edtica <\/strong>local, que tiene clases puntualmente todos los s\u00e1bados. Ellos frecuentaron primero las <strong><a href=\"http:\/\/www.mppu.org.ar\/sitio\/escueladejovenes.php\">Escuelas del Mppu<\/a> <\/strong>en La Plata (Buenos Aires). <strong> <\/strong>Ahora Pilar es tutora de otra escuela en San Miguel del Monte, en la provincia de Buenos Aires, donde la animaron a lanzarse como consejera comunal en las \u00faltimas elecciones pol\u00edticas.  Sobre la participaci\u00f3n de los j\u00f3venes en la vida pol\u00edtica activa, la impresi\u00f3n de Pilar es que <em>\u201cdesde los a\u00f1os Noventa hasta hoy se ha verificado en Argentina un crecimiento en el compromiso pol\u00edtico, aunque no se puede decir que el 100% de los j\u00f3venes est\u00e9 interesado en ella\u201d. <\/em>Pero los j\u00f3venes no deben ser considerados s\u00f3lo como sujetos a los que se dirigen algunos programas ocasionales: <em>\u201clos j\u00f3venes tienen que llegar a ser los principales actores en el \u00e1mbito p\u00fablico. La renovaci\u00f3n de la pol\u00edtica pasa por all\u00ed\u201d.<\/em>  El Mppu\/Argentina, que se inspira en los principios de la fraternidad \u00ednsitos en la propuesta de la espiritualidad de Chiara Lubich, cumple 10 a\u00f1os en el 2011. Se constituy\u00f3 debido a la grave crisis econ\u00f3mica que lesion\u00f3 la regi\u00f3n ese a\u00f1o inolvidable provocando un aumento de la pobreza en la sociedad. Un momento en el que se verific\u00f3 un aut\u00e9ntico divorcio entre la gente y la clase pol\u00edtica, un divorcio que s\u00f3lo recientemente parece que se est\u00e1 recomponiendo.  Pilar cuenta que, ante las premisas de aquella crisis, algunas personas animadas por la espiritualidad de la unidad, se comprometieron a hacer nacer las Escuelas de formaci\u00f3n pol\u00edtica y social, <em>\u201cpara tratar de dar una respuesta y marcar un cambio de ruta, al constatar la necesidad de reconstruir las bases de la relaci\u00f3n entre la sociedad y las instituciones; no s\u00f3lo, tambi\u00e9n para difundir semillas de di\u00e1logo y trazar un camino com\u00fan\u201d.<\/em>  Hoy bien se puede decir que se ha hecho mucho camino y que cientos de j\u00f3venes argentinos han pasado por estas escuelas. Un \u201ccapital\u201d que ya est\u00e1 maduro para contribuir al desarrollo del pa\u00eds sudamericano: el compromiso sentido por ellos de llevar la fraternidad a la pol\u00edtica, entendida como servicio.  <strong>A cargo de Daniela Ropelato<\/strong> <em>(fragmentos de un art\u00edculo publicado en el \u00a0<a href=\"http:\/\/www.surenio.com.ar\/index.php?s=W082yzn7blx234749qdjmm$$notas\/veo$W0481e14f1crwv408focvb8&amp;l=es\" target=\"_blank\" rel=\"noopener\">Diario El Sure\u00f1o<\/a>, el 16 de noviembre de 2011)<\/em>  &nbsp;  &nbsp;<\/p>\n","protected":false},"excerpt":{"rendered":"<p>Desde R\u00edo Grande, la capital m\u00e1s al sur del mundo, el compromiso generoso de los j\u00f3venes: \u201cQueremos llegar a ser los principales actores de la acci\u00f3n pol\u00edtica\u201d.<\/p>\n","protected":false},"author":27,"featured_media":0,"comment_status":"open","ping_status":"open","sticky":false,"template":"","format":"standard","meta":{"give_campaign_id":0,"_seopress_robots_primary_cat":"","_seopress_titles_title":"","_seopress_titles_desc":"","_seopress_robots_index":"","_et_pb_use_builder":"","_et_pb_old_content":"","_et_gb_content_width":"","footnotes":""},"categories":[904],"tags":[],"class_list":["post-347658","post","type-post","status-publish","format-standard","hentry","category-focolare-worldwide-2-2"],"_links":{"self":[{"href":"https:\/\/www.focolare.org\/es\/wp-json\/wp\/v2\/posts\/347658","targetHints":{"allow":["GET"]}}],"collection":[{"href":"https:\/\/www.focolare.org\/es\/wp-json\/wp\/v2\/posts"}],"about":[{"href":"https:\/\/www.focolare.org\/es\/wp-json\/wp\/v2\/types\/post"}],"author":[{"embeddable":true,"href":"https:\/\/www.focolare.org\/es\/wp-json\/wp\/v2\/users\/27"}],"replies":[{"embeddable":true,"href":"https:\/\/www.focolare.org\/es\/wp-json\/wp\/v2\/comments?post=347658"}],"version-history":[{"count":0,"href":"https:\/\/www.focolare.org\/es\/wp-json\/wp\/v2\/posts\/347658\/revisions"}],"wp:attachment":[{"href":"https:\/\/www.focolare.org\/es\/wp-json\/wp\/v2\/media?parent=347658"}],"wp:term":[{"taxonomy":"category","embeddable":true,"href":"https:\/\/www.focolare.org\/es\/wp-json\/wp\/v2\/categories?post=347658"},{"taxonomy":"post_tag","embeddable":true,"href":"https:\/\/www.focolare.org\/es\/wp-json\/wp\/v2\/tags?post=347658"}],"curies":[{"name":"wp","href":"https:\/\/api.w.org\/{rel}","templated":true}]}}