{"id":347784,"date":"2012-01-29T01:14:18","date_gmt":"2012-01-29T00:14:18","guid":{"rendered":"https:\/\/www.focolare.org\/petite-flamme-fuego-de-la-caridad-en-accion\/"},"modified":"2024-06-06T12:27:31","modified_gmt":"2024-06-06T10:27:31","slug":"petite-flamme-fuego-de-la-caridad-en-accion","status":"publish","type":"post","link":"https:\/\/www.focolare.org\/es\/petite-flamme-fuego-de-la-caridad-en-accion\/","title":{"rendered":"Petite Flamme: fuego de la caridad en acci\u00f3n"},"content":{"rendered":"<p><img alt=\"\" alt=\"\" loading=\"lazy\" decoding=\"async\" class=\"alignleft size-full wp-image-53794\" style=\"margin-right: 10px\" src=\"https:\/\/www.focolare.org\/wp-content\/uploads\/2012\/01\/20120129-052.jpg\" alt=\"\" width=\"250\" height=\"188\" \/>Con la iniciativa <strong><a href=\"http:\/\/www.petite-flamme.de\/\">Petite Flamme<\/a><\/strong> el Movimiento de los Focolares en la <strong><a href=\"https:\/\/www.focolare.org\/it\/focolare-worldwide\/africa\/repubblica-democratica-del-congo\/\">Rep\u00fablica Democr\u00e1tica del Congo<\/a><\/strong> trata de dar su aporte a la soluci\u00f3n de uno de los problemas m\u00e1s graves del pa\u00eds: la urgente necesidad de atenci\u00f3n m\u00e9dica, de educaci\u00f3n y de una sana nutrici\u00f3n en muchos ni\u00f1os.  <strong>El origen del proyecto de remonta a 1993, cuando un peque\u00f1o grupo de congoleses puso en com\u00fan sus ahorros para ofrecer instrucci\u00f3n a algunos ni\u00f1os pobres.<\/strong> Petite Flamme nace oficialmente 3 a\u00f1os despu\u00e9s, en N\u2019dolo, un barrio de Kinshasa en el que hab\u00eda un campo militar con 750 familias en necesidad. Se empezaron los dos primeros grupos de preescolar y un tercer grupo en el barrio Masina. Muchos de los ni\u00f1os eran los hijos de los militares.  <img alt=\"\" alt=\"\" loading=\"lazy\" decoding=\"async\" class=\"alignright size-full wp-image-53659\" style=\"margin-left: 10px\" src=\"https:\/\/www.focolare.org\/wp-content\/uploads\/2012\/01\/20120129-03.jpg\" alt=\"\" width=\"250\" height=\"188\" \/>El objetivo inicial era dar una instrucci\u00f3n, pero enseguida se dan cuenta de que <strong>los ni\u00f1os estaban desnutridos. Empiezan a dar una comida diaria y despu\u00e9s la atenci\u00f3n m\u00e9dica necesaria. En los a\u00f1os que siguieron, Petite Flamme abre nuevos centros, ampl\u00eda el ciclo escolar y extiende su intervenci\u00f3n a los adolescentes y a las familias. En el 2002 empieza tambi\u00e9n la experiencia de las \u201ctareas dirigidas bajo el \u00e1rbol\u201d: 16 grupos bajo 16 \u00e1rboles diferentes, a falta de otras estructuras.<\/strong>  <strong>Actualmente Petite Flamme acoge en sus instituciones a alrededor de 1286 ni\u00f1os, <\/strong>pero sigue atendiendo, en colaboraci\u00f3n con los padres, los ni\u00f1os que ya cursaron primaria y que ahora est\u00e1n inscritos en las escuelas p\u00fablicas en secundaria. <strong>Comprende preescolares y escuelas primarias; hay tambi\u00e9n una escuela para ni\u00f1os ciegos y otra para ni\u00f1os sordomudos.<\/strong> Sus sedes se encuentran en barrios muy poblados o de la periferia de Kinshasa, donde la pobreza es extrema. Recientemente se abrieron dos nuevas escuelas: en Idiofa, en Bandundu, a 750 km de  Kinshasa; y en Kisantu, en el Bas-Kongo, a 160 km de distancia de Kinshasa. En Kikwit, siempre en Bandundu, Petite Flamme trabaja en un ambiente rural y pobre. Por la falta de agua, se construy\u00f3 una gran cisterna y dos c\u00e1ntaros recogen el agua de lluvia para la preparaci\u00f3n de la comida cotidiana.  <img alt=\"\" alt=\"\" loading=\"lazy\" decoding=\"async\" class=\"alignleft size-full wp-image-53660\" style=\"margin-right: 10px\" src=\"https:\/\/www.focolare.org\/wp-content\/uploads\/2012\/01\/20120129-01.jpg\" alt=\"\" width=\"250\" height=\"188\" \/><strong>El proyecto es sostenido por distintos entes y ONG\u2019s y sobre todo por el proyecto <a href=\"http:\/\/www.famiglienuove.org\/es\/sostegnoadistanza.php\">\u201cSostenimiento a distancia\u201d<\/a><\/strong> de <strong>Acci\u00f3n por <a href=\"http:\/\/www.famiglienuove.org\/es\/index.php\">Familias Nuevas<\/a> (AFN).<\/strong> Todos los ni\u00f1os son atendidos con un programa educativo, alimentaci\u00f3n cotidiana y asistencia m\u00e9dica regular. Una vez inscritos en las escuelas superiores, los muchachos son acompa\u00f1ados con un programa de apoyo.  <strong>2005. Nace el Centro m\u00e9dico \u00abMoyi Mwa Ntongo\u00bb, <\/strong><strong> que en la lengua local significa \u201cAlba de la ma\u00f1ana\u201d.<\/strong> Abierto en Limete, barriada del centro de Kinshasa, es sostenido por la <strong><a href=\"http:\/\/www.amu-it.eu\/?lang=it\">Acci\u00f3n por un Mundo Unido \u2013 AMU<\/a><\/strong>. Ofrece servicios de calidad a precios accesibles, no s\u00f3lo a los ni\u00f1os de \u201cPetit Flamme\u201d, sino tambi\u00e9n a todos los enfermos que requieren sus servicios, y tiene convenios con distintos entes locales.  <strong><img alt=\"\" alt=\"\" loading=\"lazy\" decoding=\"async\" class=\"alignright size-full wp-image-53662\" style=\"margin-left: 10px\" src=\"https:\/\/www.focolare.org\/wp-content\/uploads\/2012\/01\/20120129-04.jpg\" alt=\"\" width=\"250\" height=\"188\" \/>Adem\u00e1s de los consultorios m\u00e9dicos, el Centro est\u00e1 dotado de un laboratorio de microbiolog\u00eda, de una farmacia y de un dispensario con 15 camas.<\/strong> Uno de sus resultados m\u00e1s destacados es<strong> el ambulatorio de oftalmolog\u00eda, entre los m\u00e1s avanzados de la regi\u00f3n,<\/strong> especialmente importante para el tratamiento y la prevenci\u00f3n de la ceguera, enfermedad muy difundida aqu\u00ed.  <strong>Adem\u00e1s, en la Rep\u00fablica Democr\u00e1tica del Congo, hay muchas iniciativas<\/strong> para difundir los valores de la fraternidad mediante acciones concretas, como las que llevan adelante algunos miembros del Movimiento de Goma (provincia del Nord-Kivu) en el \u00e1mbito de la agricultura, del microcr\u00e9dito y de la formaci\u00f3n.  [nggallery id=85]<\/p>\n","protected":false},"excerpt":{"rendered":"<p>Proyecto Social difundido en varios puntos de la Rep\u00fablica Democr\u00e1tica del Congo. Una \u201cpeque\u00f1a llama\u201d que hoy ha involucrado a 1.900 ni\u00f1os y a sus familias que viven en extrema pobreza. Inaugurado un Centro m\u00e9dico.<\/p>\n","protected":false},"author":34,"featured_media":0,"comment_status":"open","ping_status":"open","sticky":false,"template":"","format":"standard","meta":{"give_campaign_id":0,"_seopress_robots_primary_cat":"","_seopress_titles_title":"","_seopress_titles_desc":"","_seopress_robots_index":"","_et_pb_use_builder":"","_et_pb_old_content":"","_et_gb_content_width":"","footnotes":""},"categories":[904],"tags":[],"class_list":["post-347784","post","type-post","status-publish","format-standard","hentry","category-focolare-worldwide-2-2"],"_links":{"self":[{"href":"https:\/\/www.focolare.org\/es\/wp-json\/wp\/v2\/posts\/347784","targetHints":{"allow":["GET"]}}],"collection":[{"href":"https:\/\/www.focolare.org\/es\/wp-json\/wp\/v2\/posts"}],"about":[{"href":"https:\/\/www.focolare.org\/es\/wp-json\/wp\/v2\/types\/post"}],"author":[{"embeddable":true,"href":"https:\/\/www.focolare.org\/es\/wp-json\/wp\/v2\/users\/34"}],"replies":[{"embeddable":true,"href":"https:\/\/www.focolare.org\/es\/wp-json\/wp\/v2\/comments?post=347784"}],"version-history":[{"count":0,"href":"https:\/\/www.focolare.org\/es\/wp-json\/wp\/v2\/posts\/347784\/revisions"}],"wp:attachment":[{"href":"https:\/\/www.focolare.org\/es\/wp-json\/wp\/v2\/media?parent=347784"}],"wp:term":[{"taxonomy":"category","embeddable":true,"href":"https:\/\/www.focolare.org\/es\/wp-json\/wp\/v2\/categories?post=347784"},{"taxonomy":"post_tag","embeddable":true,"href":"https:\/\/www.focolare.org\/es\/wp-json\/wp\/v2\/tags?post=347784"}],"curies":[{"name":"wp","href":"https:\/\/api.w.org\/{rel}","templated":true}]}}