{"id":347792,"date":"2012-01-31T09:03:15","date_gmt":"2012-01-31T08:03:15","guid":{"rendered":"https:\/\/www.focolare.org\/reencontrado-el-cuerpo-de-una-mujer-que-corresponderia-al-de-marisa\/"},"modified":"2024-06-06T12:27:33","modified_gmt":"2024-06-06T10:27:33","slug":"reencontrado-el-cuerpo-de-una-mujer-que-corresponderia-al-de-marisa","status":"publish","type":"post","link":"https:\/\/www.focolare.org\/es\/reencontrado-el-cuerpo-de-una-mujer-que-corresponderia-al-de-marisa\/","title":{"rendered":"Reencontrado el cuerpo de una mujer que corresponder\u00eda al de Marisa"},"content":{"rendered":"<p><img alt=\"\" alt=\"\" loading=\"lazy\" decoding=\"async\" class=\"alignleft size-full wp-image-53884\" style=\"border: 0pt none;margin: 10px\" src=\"https:\/\/www.focolare.org\/wp-content\/uploads\/2012\/01\/20120130-06.jpg\" alt=\"\" width=\"210\" height=\"128\" \/><\/p>\n<p>Los hechos del 30 de enero hacen temer que el caso de Marisa Ba\u00f9, desgraciadamente, se hayan concluido en un modo distinto de c\u00f3mo <a href=\"https:\/\/www.focolare.org\/area-press-focus\/es\/\">las \u00faltimas observaciones<\/a> en Como y en Locarno habr\u00edan hecho esperar.<\/p>\n<p>De hecho, durante la tarde la polic\u00eda suiza inform\u00f3 a los responsables del Centro de Montet, quienes a su vez advirtieron a la familia, que hab\u00edan encontrado el cuerpo de una mujer totalmente compatible con el de Marisa Ba\u00f9, en el interior de un cobertizo agr\u00edcola situado en la vecina localidad de Cugy, a un kil\u00f3metro y medio del Centro.<\/p>\n<p>Todav\u00eda quedan por esclarecer las causas del deceso y se espera el reconocimiento oficial. Las circunstancias de la muerte se clarificar\u00e1n con la certificaci\u00f3n m\u00e9dico-legal en el hospital canton\u00e9s de Friburgo, donde ha sido transportada la salma.<\/p>\n","protected":false},"excerpt":{"rendered":"<p>En Cugy, a un kil\u00f3metro y medio del Centro. Quedan por esclarecer las causas del deceso y se espera el reconocimiento oficial.<\/p>\n","protected":false},"author":34,"featured_media":0,"comment_status":"open","ping_status":"open","sticky":false,"template":"","format":"standard","meta":{"give_campaign_id":0,"_seopress_robots_primary_cat":"","_seopress_titles_title":"","_seopress_titles_desc":"","_seopress_robots_index":"","_et_pb_use_builder":"","_et_pb_old_content":"","_et_gb_content_width":"","footnotes":""},"categories":[905],"tags":[],"class_list":["post-347792","post","type-post","status-publish","format-standard","hentry","category-senza-categoria-2-2"],"_links":{"self":[{"href":"https:\/\/www.focolare.org\/es\/wp-json\/wp\/v2\/posts\/347792","targetHints":{"allow":["GET"]}}],"collection":[{"href":"https:\/\/www.focolare.org\/es\/wp-json\/wp\/v2\/posts"}],"about":[{"href":"https:\/\/www.focolare.org\/es\/wp-json\/wp\/v2\/types\/post"}],"author":[{"embeddable":true,"href":"https:\/\/www.focolare.org\/es\/wp-json\/wp\/v2\/users\/34"}],"replies":[{"embeddable":true,"href":"https:\/\/www.focolare.org\/es\/wp-json\/wp\/v2\/comments?post=347792"}],"version-history":[{"count":0,"href":"https:\/\/www.focolare.org\/es\/wp-json\/wp\/v2\/posts\/347792\/revisions"}],"wp:attachment":[{"href":"https:\/\/www.focolare.org\/es\/wp-json\/wp\/v2\/media?parent=347792"}],"wp:term":[{"taxonomy":"category","embeddable":true,"href":"https:\/\/www.focolare.org\/es\/wp-json\/wp\/v2\/categories?post=347792"},{"taxonomy":"post_tag","embeddable":true,"href":"https:\/\/www.focolare.org\/es\/wp-json\/wp\/v2\/tags?post=347792"}],"curies":[{"name":"wp","href":"https:\/\/api.w.org\/{rel}","templated":true}]}}