{"id":347806,"date":"2012-02-02T10:22:06","date_gmt":"2012-02-02T09:22:06","guid":{"rendered":"https:\/\/www.focolare.org\/marisa-nos-ha-dejado\/"},"modified":"2024-06-06T12:27:36","modified_gmt":"2024-06-06T10:27:36","slug":"marisa-nos-ha-dejado","status":"publish","type":"post","link":"https:\/\/www.focolare.org\/es\/marisa-nos-ha-dejado\/","title":{"rendered":"Marisa nos ha dejado"},"content":{"rendered":"<p><img alt=\"\" alt=\"\" loading=\"lazy\" decoding=\"async\" class=\"alignleft size-full wp-image-53985\" style=\"margin-right: 10px;border: 0pt\" src=\"https:\/\/www.focolare.org\/wp-content\/uploads\/2012\/01\/MarisaBau_2.jpg\" alt=\"\" width=\"178\" height=\"152\" \/>En estos momentos de dolor y des\u00e1nimo, queremos asegurar nuestra sentida cercan\u00eda a los familiares y a cuantos han experimentado durante estos a\u00f1os la amistad de Marisa y su c\u00e1lida\u00a0 acogida hacia todos.  <strong>Marisa Ba\u00f9, nacida el 12 de mayo de 1963 en Asiago (Vicenza\/Italia),<\/strong> pen\u00faltima de ocho hermanos, se hab\u00eda quedado hu\u00e9rfana de madre a la edad de 15 a\u00f1os y se hab\u00eda dedicado a cuidar de sus hermanos que todav\u00eda viv\u00edan en casa. Trabajadora y creativa, despu\u00e9s de dos a\u00f1os trabajando en una f\u00e1brica, inici\u00f3, junto con dos ex \u2013 compa\u00f1eras, un peque\u00f1o taller de confecci\u00f3n.  Conoci\u00f3 la<a href=\"https:\/\/www.focolare.org\/es\/chiara-lubich\/spiritualita-dellunita\/\"> <strong>espiritualidad del<\/strong> <strong>Movimiento de los focolares<\/strong><\/a> en 1980, adhiriendo con prontitud y generosidad. Sintiendo al vocaci\u00f3n a consagrarse a Dios como<a href=\"https:\/\/www.focolare.org\/es\/focolare-worldwide\/europa\/svizzera\/\"> <\/a><a href=\"https:\/\/www.focolare.org\/es\/movimento-dei-focolari\/scelte-e-impegno\/focolarini\/\"><strong>focolarina<\/strong><\/a>, dej\u00f3 su familia en el \u201991 para ir primero al focolar de Padua, donde concluy\u00f3 sus estudios de contabilidad, y en el \u201992, a la ciudadela internacional de\u00a0<strong><a href=\"\/\/\" target=\"_blank\" rel=\"noopener\"> Loppiano<\/a><\/strong> (Florencia\/Italia), manteniendo siempre una estrecha relaci\u00f3n con todos sus familiares.  Despu\u00e9s del periodo de formaci\u00f3n Marisa fue al <a href=\"http:\/\/www.focolari-montet.ch\/\" target=\"_blank\" rel=\"noopener\"><strong>Centro de Montet<\/strong> <\/a>(Broye), en <a href=\"https:\/\/www.focolare.org\/de\/focolare-worldwide\/europa\/svizzera\/\" target=\"_blank\" rel=\"noopener\"><strong>Suiza<\/strong><\/a>, donde trabaj\u00f3 en el taller de confecci\u00f3n para ni\u00f1os, del cual desde el \u201994 era la responsable del sector de producci\u00f3n. En 1998, por sus cualidades humanas y espirituales, asumi\u00f3 un encargo como formadora en dicho Centro.  Con una personalidad creativa y tenaz, Marisa ha sido estimada por parte de todos por la cualidad de sus relaciones, su sentido de responsabilidad y su altruismo.  Durante estos a\u00f1os Marisa ha conocido y amado a much\u00edsimas personas, lo demuestra la lluvia de mensajes que han llegado desde todo el mundo a trav\u00e9s de las redes sociales: \u201c<em>Se ha ido tambi\u00e9n ella que ha dado tanto a los dem\u00e1s y \u00a1continuar\u00e1 d\u00e1ndolo desde All\u00e1 arriba!\u201d<\/em>, \u201c<em>Mucha tristeza\u2026 solo nos queda rezar por ella, por su familia y por todos los de Montet\u2026 \u00a1he conocido a Marisa, y me queda su sonrisa!\u201d, \u201c\u00a1Para mi, Marisa es muy especial. Hace parte de mi historia!\u201d<\/em>  <strong>La madre de una focolarinaescrib e<\/strong>: <em>\u201cHe seguido con inquietud todos los acontecimientos ensimism\u00e1ndome con la familia de Marisa\u2026 No dejar\u00e9 de rezar por ella y por todas las focolarinas del mundo\u201d<\/em>. Y una persona que ha trabajado con ella:<em> \u201cEstoy con vosotros en este dolor, pido especialmente por la familia, os estoy cerca. He trabajado durante tres a\u00f1os con ella en Montet y doy gracias a Dios por cada minuto pasado juntas\u201d.<\/em>  Queremos recordarla como <em>\u00abUna persona maravillosa<\/em> \u2013 son las palabras de Marith\u00e9 Vuigner, co-responsable del Centro de Montet \u2013, <em>siempre dispuesta a acoger a los dem\u00e1s. Una persona con la que siempre se pod\u00eda contar, agradable y fina. Muy unida a su bella y numerosa familia\u00bb.<\/em>  <em> <\/em>  <strong>Para mayor informaci\u00f3n: <a href=\"https:\/\/www.focolare.org\/area-press-focus\/es\/news\/2012\/02\/01\/marisa-bau-1963-2011\/\" target=\"_blank\" rel=\"noopener\">https:\/\/www.focolare.org\/area-press-focus\/es\/news\/2012\/02\/01\/marisa-bau-1963-2011\/<\/a><\/strong><\/p>\n","protected":false},"excerpt":{"rendered":"<p>El Movimiento de los focolares expresa su profundo dolor por el fallecimiento de Marisa Ba\u00f9.<\/p>\n","protected":false},"author":34,"featured_media":0,"comment_status":"open","ping_status":"open","sticky":false,"template":"","format":"standard","meta":{"give_campaign_id":0,"_seopress_robots_primary_cat":"","_seopress_titles_title":"","_seopress_titles_desc":"","_seopress_robots_index":"","_et_pb_use_builder":"","_et_pb_old_content":"","_et_gb_content_width":"","footnotes":""},"categories":[46],"tags":[],"class_list":["post-347806","post","type-post","status-publish","format-standard","hentry","category-sin-categorizar"],"_links":{"self":[{"href":"https:\/\/www.focolare.org\/es\/wp-json\/wp\/v2\/posts\/347806","targetHints":{"allow":["GET"]}}],"collection":[{"href":"https:\/\/www.focolare.org\/es\/wp-json\/wp\/v2\/posts"}],"about":[{"href":"https:\/\/www.focolare.org\/es\/wp-json\/wp\/v2\/types\/post"}],"author":[{"embeddable":true,"href":"https:\/\/www.focolare.org\/es\/wp-json\/wp\/v2\/users\/34"}],"replies":[{"embeddable":true,"href":"https:\/\/www.focolare.org\/es\/wp-json\/wp\/v2\/comments?post=347806"}],"version-history":[{"count":0,"href":"https:\/\/www.focolare.org\/es\/wp-json\/wp\/v2\/posts\/347806\/revisions"}],"wp:attachment":[{"href":"https:\/\/www.focolare.org\/es\/wp-json\/wp\/v2\/media?parent=347806"}],"wp:term":[{"taxonomy":"category","embeddable":true,"href":"https:\/\/www.focolare.org\/es\/wp-json\/wp\/v2\/categories?post=347806"},{"taxonomy":"post_tag","embeddable":true,"href":"https:\/\/www.focolare.org\/es\/wp-json\/wp\/v2\/tags?post=347806"}],"curies":[{"name":"wp","href":"https:\/\/api.w.org\/{rel}","templated":true}]}}