{"id":347836,"date":"2012-02-05T04:00:20","date_gmt":"2012-02-05T03:00:20","guid":{"rendered":"https:\/\/www.focolare.org\/india-un-pais-continente\/"},"modified":"2024-06-06T12:27:41","modified_gmt":"2024-06-06T10:27:41","slug":"india-un-pais-continente","status":"publish","type":"post","link":"https:\/\/www.focolare.org\/es\/india-un-pais-continente\/","title":{"rendered":"India: un pa\u00eds continente"},"content":{"rendered":"<p><a href=\"https:\/\/www.focolare.org\/es\/focolare-worldwide\/asia\/india\/\"><img alt=\"\" alt=\"\" loading=\"lazy\" decoding=\"async\" class=\"alignleft size-full wp-image-54240\" style=\"margin-right: 10px\" src=\"https:\/\/www.focolare.org\/wp-content\/uploads\/2012\/02\/20120205-01.jpg\" alt=\"\" width=\"240\" height=\"240\" \/><\/a><strong><a href=\"https:\/\/www.focolare.org\/es\/focolare-worldwide\/asia\/india\/\">India<\/a>, subcontinente con m\u00e1s de un bill\u00f3n y 170 millones de habitantes, <\/strong>que pronto podr\u00eda superar a China en cuanto a poblaci\u00f3n. Un pa\u00eds en r\u00e1pido crecimiento, entre las mayores econom\u00edas mundiales, y al mismo tiempo con una alta tasa de analfabetismo, pobreza, desnutrici\u00f3n. Es grande la variedad religiosa, con el 80% de mayor\u00eda hind\u00fa y un 2,3% de minor\u00eda cristiana. Se entiende por qu\u00e9 los Focolares han desarrollado tanto el di\u00e1logo interreligioso, en especial con el mundo hind\u00fa.  <strong> <\/strong><strong>El Movimiento de los Focolares est\u00e1 presente en India desde 1980. <\/strong><strong>Hoy hay centros de los Focolares en <\/strong><strong><a href=\"https:\/\/www.focolare.org\/it\/news\/2011\/01\/25\/mumbai\/\">Mumbai<\/a>, <a href=\"https:\/\/www.focolare.org\/it\/news\/2011\/01\/25\/bangalore\/\">Bangalore<\/a>, <a href=\"https:\/\/www.focolare.org\/it\/news\/2011\/01\/25\/goa\/\">Goa<\/a> y <a href=\"https:\/\/www.focolare.org\/it\/news\/2011\/01\/25\/delhi\/\">New Delhi<\/a><\/strong> que promueven varias actividades: Mari\u00e1polis, encuentros mensuales para adultos, familias y j\u00f3venes. En distintas ciudades &#8211;<strong> <a href=\"https:\/\/www.focolare.org\/it\/news\/2012\/01\/28\/mumbai-2\/\">Vasai<\/a>, <a href=\"https:\/\/www.focolare.org\/it\/news\/2012\/01\/28\/pune\/\">Pune<\/a>, <a href=\"https:\/\/www.focolare.org\/it\/news\/2012\/01\/28\/panjim\/\">Panjim<\/a>, <a href=\"https:\/\/www.focolare.org\/it\/news\/2012\/01\/28\/margaon\/\">Margao<\/a>, <a href=\"https:\/\/www.focolare.org\/it\/news\/2012\/01\/28\/vasco\/\">Vasco<\/a>, <a href=\"https:\/\/www.focolare.org\/it\/news\/2012\/01\/28\/trichy\/\">Trichy<\/a> <\/strong>\u2013 hay grupos activos de personas que adhieren al esp\u00edritu de los Focolares.  <strong>Distintos micro-proyectos sociales <\/strong>florecen alrededor de la comunidades del Focolar para la educaci\u00f3n de los ni\u00f1os, la promoci\u00f3n humana de las mujeres y como apoyo a familias en dificultad tambi\u00e9n con aportes a distancia: los m\u00e1s conocidos son \u201c<strong><a href=\"https:\/\/www.focolare.org\/it\/news\/2012\/02\/01\/ilanthalir\/\">Ilanthalir<\/a><\/strong>\u201d (que en idioma Tamil significa <em>tiernos reto\u00f1itos<\/em>) en el Sur de India, y en Mumbai \u201c<strong><span style=\"text-decoration: underline\"><a href=\"https:\/\/www.focolare.org\/es\/news\/2012\/02\/05\/udisha-una-nuova-alba\/\">Udisha<\/a><\/span><\/strong><em>\u201d-\u201cEl rayo de sol que anuncia una nueva alba\u201d<\/em>. Nacidos para <em>\u2018mostrar una respuesta concreta ante la pobreza que nos rodea\u2019, <\/em>hoy en d\u00eda involucra a una totalidad de alrededor de 2400 ni\u00f1os y sus familias. Est\u00e1n comprometidos especialmente en difundir los valores de la fraternidad universal en el <strong>mundo de los adolescentes <\/strong>involucrando a muchachos de todas les religiones en distintas manifestaciones tambi\u00e9n a nivel internacional.  <img alt=\"\" alt=\"\" loading=\"lazy\" decoding=\"async\" class=\"size-full wp-image-54336 alignright\" style=\"margin-left: 10px\" src=\"https:\/\/www.focolare.org\/wp-content\/uploads\/2012\/02\/20120205-021.jpg\" alt=\"\" width=\"270\" height=\"179\" \/>En el <strong><a href=\"http:\/\/supercongres2009.blogspot.com\/2009\/08\/supercongresso-2009-mattina.html\">2009 el Supercongreso <\/a><\/strong>\u2013cita t\u00edpica de los Muchachos por la Unidad- tuvo lugar precisamente en Coimbatore, y llev\u00f3 a India a adolecentes de todo el planeta. Tambi\u00e9n fueron muchas las <strong>micro-realizaciones referidas en el reciente encuentro de <a href=\"https:\/\/www.focolare.org\/es\/movimento-dei-focolari\/un-popolo\/umanita-nuova\/\">Humanidad Nueva<\/a> <\/strong>(Mumbai, septiembre \u00a02011). Entre los participantes estaba, un m\u00e9dico de Goa, quien dio vida a una <strong>cl\u00ednica<\/strong> <strong>m\u00f3vil,<\/strong> la <strong>Prabhu Prasad Clinic<\/strong>, reuniendo los servicios de distintos m\u00e9dicos, con un radio de acci\u00f3n y de atenci\u00f3n que va desde los ancianos a los ni\u00f1os.  <strong><a href=\"https:\/\/www.focolare.org\/es\/chiara-lubich\/\">Chiara Lubich<\/a> visit\u00f3 varias veces India, <\/strong>siguiendo la l\u00ednea del di\u00e1logo con los hermanos hind\u00faes, despu\u00e9s de haber conocido, mediante la Conferencia Mundial de las Religiones por la Paz, al Dr. Aram, fundador del Shanti Ashram. En el 2001 en Coimbatore (Tamil Nadu) recibi\u00f3 el Premio \u2018Defensor de la Paz\u2019 por parte del Shanti Ashram y del Movimiento Sarvodaya. Regres\u00f3 despu\u00e9s en el 2003 donde, comunic\u00f3 por solicitud del <strong>Centro de cultura hind\u00fa Bharatiya Vidya Bhavan, <\/strong>su<strong> <\/strong>vocaci\u00f3n espec\u00edfica a la unidad y a la fraternidad universal. Siguieron y contin\u00faan mesas redondas, conferencias, intercambios de visitas y numerosos simposios \u2013 el \u00faltimo de los cuales tuvo lugar en diciembre de 2011-: son ocasiones de di\u00e1logo, pasos en la construcci\u00f3n de relaciones de aut\u00e9ntica fraternidad con el mundo hind\u00fa, como <strong>testimonia<\/strong>, por ejemplo, la Dra. Vijaya Bhatia, profesora de Yoga, quien intervino en el<strong> <a href=\"https:\/\/www.focolare.org\/es\/news\/2011\/12\/12\/mumbai-indu-e-cristiani-in-dialogo\/\">4\u00b0 simposio hind\u00fa-cristiano <\/a><\/strong>\u201c<em>Leer, interpretar y vivir las Escrituras para realizar la paz y la fraternidad universal\u201d.<\/em>  <img alt=\"\" alt=\"\" loading=\"lazy\" decoding=\"async\" class=\"alignleft size-full wp-image-54338\" style=\"margin-right: 10px\" src=\"https:\/\/www.focolare.org\/wp-content\/uploads\/2012\/02\/20120205-03.jpg\" alt=\"\" width=\"240\" height=\"160\" \/>Un ideal de vida que se concreta en la vida cotidiana, como fue para <strong>una joven de Mumbai <\/strong>que prefiri\u00f3 darle a una persona que ten\u00eda m\u00e1s necesidad el \u00a0dinero que hab\u00eda recogido con esfuerzo para pagar una deuda m\u00e9dica muy grande que ten\u00eda. Su gran sorpresa fue cuando esa misma noche recibi\u00f3 una llamada telef\u00f3nica: \u00a1era de la administraci\u00f3n del hospital que, por un error de c\u00e1lculo le devolv\u00eda a ella 300 rupias! <strong> <\/strong>  Es la experiencia de vivir el Evangelio que se refleja no s\u00f3lo en la esfera personal y privada, sino tambi\u00e9n en lo social. El estad\u00edsticas pueden asustar, pero tratando de ser \u201cel cambio que quisieras ver en el mundo\u201d, como ense\u00f1aba Ganhi, las semillas de fraternidad siguen creciendo.<\/p>\n","protected":false},"excerpt":{"rendered":"<p>Pluralidad religiosa, ling\u00fc\u00edstica, de culturas y tradiciones. En una India emergente, con crecientes desigualdades sociales, los Focolares est\u00e1n comprometidos en el di\u00e1logo, en la educaci\u00f3n y en proyectos sociales para sostener a los menos favorecidos.<\/p>\n","protected":false},"author":34,"featured_media":0,"comment_status":"open","ping_status":"open","sticky":false,"template":"","format":"standard","meta":{"give_campaign_id":0,"_seopress_robots_primary_cat":"","_seopress_titles_title":"","_seopress_titles_desc":"","_seopress_robots_index":"","_et_pb_use_builder":"","_et_pb_old_content":"","_et_gb_content_width":"","footnotes":""},"categories":[904],"tags":[],"class_list":["post-347836","post","type-post","status-publish","format-standard","hentry","category-focolare-worldwide-2-2"],"_links":{"self":[{"href":"https:\/\/www.focolare.org\/es\/wp-json\/wp\/v2\/posts\/347836","targetHints":{"allow":["GET"]}}],"collection":[{"href":"https:\/\/www.focolare.org\/es\/wp-json\/wp\/v2\/posts"}],"about":[{"href":"https:\/\/www.focolare.org\/es\/wp-json\/wp\/v2\/types\/post"}],"author":[{"embeddable":true,"href":"https:\/\/www.focolare.org\/es\/wp-json\/wp\/v2\/users\/34"}],"replies":[{"embeddable":true,"href":"https:\/\/www.focolare.org\/es\/wp-json\/wp\/v2\/comments?post=347836"}],"version-history":[{"count":0,"href":"https:\/\/www.focolare.org\/es\/wp-json\/wp\/v2\/posts\/347836\/revisions"}],"wp:attachment":[{"href":"https:\/\/www.focolare.org\/es\/wp-json\/wp\/v2\/media?parent=347836"}],"wp:term":[{"taxonomy":"category","embeddable":true,"href":"https:\/\/www.focolare.org\/es\/wp-json\/wp\/v2\/categories?post=347836"},{"taxonomy":"post_tag","embeddable":true,"href":"https:\/\/www.focolare.org\/es\/wp-json\/wp\/v2\/tags?post=347836"}],"curies":[{"name":"wp","href":"https:\/\/api.w.org\/{rel}","templated":true}]}}