{"id":347868,"date":"2012-02-10T12:52:29","date_gmt":"2012-02-10T11:52:29","guid":{"rendered":"https:\/\/www.focolare.org\/focolares-de-italia-un-nuevo-compromiso-a-favor-del-pais\/"},"modified":"2024-06-06T12:27:48","modified_gmt":"2024-06-06T10:27:48","slug":"focolares-de-italia-un-nuevo-compromiso-a-favor-del-pais","status":"publish","type":"post","link":"https:\/\/www.focolare.org\/es\/focolares-de-italia-un-nuevo-compromiso-a-favor-del-pais\/","title":{"rendered":"Focolares de Italia: un nuevo compromiso a favor del pa\u00eds"},"content":{"rendered":"<p><img alt=\"\" alt=\"\" loading=\"lazy\" decoding=\"async\" class=\"alignleft size-full wp-image-54997\" style=\"margin-right: 10px\" src=\"https:\/\/www.focolare.org\/wp-content\/uploads\/2012\/02\/20120210-01.jpg\" alt=\"\" width=\"200\" height=\"175\" \/><strong>\u201cEl intenso fr\u00edo que ha atenazado a toda Italia<\/strong> ya desde finales de la semana pasada, podr\u00eda ser la met\u00e1fora del nivel y la complejidad de la crisis en la que se encuentra Italia\u201d \u2013 nos escribe Paolo Loriga. <strong>Con esta conciencia se hab\u00eda fijado hac\u00eda tiempo para el 3-5 de febrero en Castelgandolfo una cita entre los responsables, a distintos niveles, del Movimiento de los Focolares de Italia.<\/strong> Un n\u00famero muy grande de personas involucradas (400), dos d\u00edas y medio de an\u00e1lisis, di\u00e1logo y elaboraci\u00f3n, un objetivo preciso: \u00bfqu\u00e9 hacer, m\u00e1s y mejor, para la Italia de hoy?  <img alt=\"\" alt=\"\" loading=\"lazy\" decoding=\"async\" class=\"alignright size-full wp-image-54998\" style=\"margin-left: 10px\" src=\"https:\/\/www.focolare.org\/wp-content\/uploads\/2012\/02\/20120210-02.jpg\" alt=\"\" width=\"250\" height=\"146\" \/><strong>Los resultados indican ante todo un renovado compromiso comunitario en relaci\u00f3n con el pa\u00eds,<\/strong> que se quiere manifestar mediante algunas prioridades maduradas y compartidas. Y he aqu\u00ed que, <strong>por el lado de la pol\u00edtica<\/strong>, los Focolares italianos han decidido hacer propio el compromiso ya encaminado por el Movimiento pol\u00edtico por la unidad, de solicitar la reforma de la ley electoral vigente.  En el \u00e1mbito de<strong> la econom\u00eda y del trabajo<\/strong>, ser\u00e1 repotenciada y m\u00e1s localizada la red ya existente entre demanda y oferta laboral en todas las regiones del pa\u00eds, mientras que pensando en los j\u00f3venes y en la necesidad de crear lugares de trabajo, la incubadora de nuevas empresas que funciona a escala regional en el Pol\u00edgono empresarial de <strong><a href=\"http:\/\/www.loppiano.it\/\">Loppiano<\/a><\/strong>, a las puertas de Florencia, adquirir\u00e1 una dimensi\u00f3n nacional para ofrecer servicios donde quiera que se pretenda crear trabajo.  <img alt=\"\" alt=\"\" loading=\"lazy\" decoding=\"async\" class=\"size-full wp-image-55000 alignleft\" style=\"margin-right: 10px\" src=\"https:\/\/www.focolare.org\/wp-content\/uploads\/2012\/02\/20120210-03.jpg\" alt=\"\" width=\"250\" height=\"153\" \/>Con respecto a la <strong>emergencia educativa<\/strong> y a la legalidad se abrir\u00e1n nuevos espacios y se potenciar\u00e1n aquellos en funci\u00f3n con el objetivo de coordinar con mayor eficacia las iniciativas emprendidas, haciendo de dos temas el hilo conductor que unir\u00e1 varias operaciones de los Focolares desarrolladas en diversos territorios del pa\u00eds.  En el aspecto de la <strong>inmigraci\u00f3n<\/strong>, de la <strong>integraci\u00f3n<\/strong> y del <strong>di\u00e1logo interreligioso<\/strong> se ha hecho necesaria la actualizaci\u00f3n de la panor\u00e1mica nacional y de las varias actividades a favor de quien llega a Italia.  <img alt=\"\" alt=\"\" loading=\"lazy\" decoding=\"async\" class=\"alignright size-full wp-image-55003\" style=\"margin-left: 10px\" src=\"https:\/\/www.focolare.org\/wp-content\/uploads\/2012\/02\/20120210-04.jpg\" alt=\"\" width=\"250\" height=\"164\" \/>Una fotograf\u00eda an\u00e1loga deber\u00e1 grabarse por lo que respecta a la presencia actual de los miembros de los Focolares en todos los organismos de participaci\u00f3n de la <strong><a href=\"http:\/\/www.chiesacattolica.it\/\">Iglesia Cat\u00f3lica<\/a><\/strong>. Renovado y todav\u00eda m\u00e1s convencido el apoyo que se manifest\u00f3 con pasi\u00f3n hacia dos fronteras significativas: la profunda relaci\u00f3n con las comunidades isl\u00e1micas y las escuelas de participaci\u00f3n para j\u00f3venes del <strong><a href=\"https:\/\/www.focolare.org\/es\/in-dialogo\/cultura\/politica\/\">Movimiento pol\u00edtico por la unidad<\/a><\/strong> \u2013desde el pasado noviembre se han abierto otras diez-. Los resultados a favor del futuro del pa\u00eds son muy concretos\u201d.  08-02-2012    de Paolo L\u00f2riga Fuente:    <a href=\"http:\/\/www.cittanuova.it\/index.php?idsito=1\">Citt\u00e0 Nuova<\/a><\/p>\n","protected":false},"excerpt":{"rendered":"<p>Pol\u00edtica, trabajo, legalidad y emergencia educativa, inmigraci\u00f3n, colaboraci\u00f3n entre Norte y Sur y di\u00e1logo con el Islam. Son estos los temas centrales de un congreso de los Focolares. El aporte activo de los j\u00f3venes presentes.<\/p>\n","protected":false},"author":34,"featured_media":0,"comment_status":"open","ping_status":"open","sticky":false,"template":"","format":"standard","meta":{"give_campaign_id":0,"_seopress_robots_primary_cat":"","_seopress_titles_title":"","_seopress_titles_desc":"","_seopress_robots_index":"","_et_pb_use_builder":"","_et_pb_old_content":"","_et_gb_content_width":"","footnotes":""},"categories":[904],"tags":[],"class_list":["post-347868","post","type-post","status-publish","format-standard","hentry","category-focolare-worldwide-2-2"],"_links":{"self":[{"href":"https:\/\/www.focolare.org\/es\/wp-json\/wp\/v2\/posts\/347868","targetHints":{"allow":["GET"]}}],"collection":[{"href":"https:\/\/www.focolare.org\/es\/wp-json\/wp\/v2\/posts"}],"about":[{"href":"https:\/\/www.focolare.org\/es\/wp-json\/wp\/v2\/types\/post"}],"author":[{"embeddable":true,"href":"https:\/\/www.focolare.org\/es\/wp-json\/wp\/v2\/users\/34"}],"replies":[{"embeddable":true,"href":"https:\/\/www.focolare.org\/es\/wp-json\/wp\/v2\/comments?post=347868"}],"version-history":[{"count":0,"href":"https:\/\/www.focolare.org\/es\/wp-json\/wp\/v2\/posts\/347868\/revisions"}],"wp:attachment":[{"href":"https:\/\/www.focolare.org\/es\/wp-json\/wp\/v2\/media?parent=347868"}],"wp:term":[{"taxonomy":"category","embeddable":true,"href":"https:\/\/www.focolare.org\/es\/wp-json\/wp\/v2\/categories?post=347868"},{"taxonomy":"post_tag","embeddable":true,"href":"https:\/\/www.focolare.org\/es\/wp-json\/wp\/v2\/tags?post=347868"}],"curies":[{"name":"wp","href":"https:\/\/api.w.org\/{rel}","templated":true}]}}