{"id":347888,"date":"2012-02-13T16:10:36","date_gmt":"2012-02-13T15:10:36","guid":{"rendered":"https:\/\/www.focolare.org\/basta-de-perder-tiempo-voy-a-cambiar-de-ruta\/"},"modified":"2024-06-06T12:27:51","modified_gmt":"2024-06-06T10:27:51","slug":"basta-de-perder-tiempo-voy-a-cambiar-de-ruta","status":"publish","type":"post","link":"https:\/\/www.focolare.org\/es\/basta-de-perder-tiempo-voy-a-cambiar-de-ruta\/","title":{"rendered":"Basta de perder tiempo, voy a cambiar de ruta"},"content":{"rendered":"<p><img alt=\"\" alt=\"\" loading=\"lazy\" decoding=\"async\" class=\"alignleft size-full wp-image-55254\" style=\"margin-right: 10px\" src=\"https:\/\/www.focolare.org\/wp-content\/uploads\/2012\/02\/teramo-03.jpg\" alt=\"\" width=\"250\" height=\"118\" \/><strong>\u00abMi hermana Mar\u00eda Asunta, por una leucemia fulminante, ya no estaba m\u00e1s. <\/strong>Una sensaci\u00f3n de impotencia me envisti\u00f3. \u00bfQu\u00e9 sentido tiene la vida \u2013 me preguntaba- si la muerte se lleva consigo sue\u00f1os, deseos, conquistas\u2026? Todo perdi\u00f3 su sentido. Ya no quer\u00eda vivir.  Regresaban a mi mente los \u00faltimos instantes de vida de Mar\u00eda Asunta. Las fuerzas la hab\u00edan abandonado. Abrir los p\u00e1rpados era un esfuerzo enorme que pod\u00eda costarle la vida. Sin embargo mientras la llevaba de vuelta a casa, saliendo de la ambulancia en la camilla, al escuchar la voz de los parientes y amigos venidos a darle el \u00faltimo saludo, reaccion\u00f3. Vi un cambio repentino en su rostro. No s\u00f3lo abri\u00f3 los ojos sino que levant\u00f3 la cabeza y sonri\u00f3 a cada uno. Y no dej\u00f3 de sonre\u00edr hasta que no termin\u00f3 de saludar a todos. S\u00f3lo cuando escuch\u00f3 que se cerraban las puertas de casa a sus espaldas, dej\u00f3 caer la cabeza sobre la almohada y entr\u00f3 en coma.  <img alt=\"\" alt=\"\" loading=\"lazy\" decoding=\"async\" class=\"alignright size-full wp-image-55258\" style=\"margin-left: 10px\" src=\"https:\/\/www.focolare.org\/wp-content\/uploads\/2012\/02\/teramo-011.jpg\" alt=\"\" width=\"250\" height=\"167\" \/><strong>\u00bfPor qu\u00e9 lo hizo? Mientras reflexionaba sobre este absurdo, <\/strong>me pareci\u00f3 intuir el por qu\u00e9. El amor que la empujaba a preocuparse de todos menos de ella, le hab\u00eda permitido, en cierto sentido, vencer la muerte y sus ojos eran el testimonio m\u00e1s evidente: no trasluc\u00edan miedo a la muerte sino una serenidad que parec\u00eda querer consolar a las personas cercanas, casi como diciendo: \u201cEst\u00e9n tranquilos porque yo soy feliz\u201d.  Como un rel\u00e1mpago un pensamiento cruzo por mi mente: <strong>\u201cAntonio el muerto eres t\u00fa, \u00a1Asunta est\u00e1 viva!\u201d. <\/strong>Entonces me dije: \u201c\u00a1Basta de perder tiempo! La \u00fanica direcci\u00f3n que mi vida puede tomar es el amor\u201d. Empec\u00e9 con peque\u00f1as cosas, a amar a las personas que ten\u00eda a mi lado, con mucha simplicidad.  Pero con el tiempo <strong>esta llamita estaba por apagarse, <\/strong>porque amar siempre, es muy dif\u00edcil y no siempre encontraba una respuesta ante mi forma de ser, es m\u00e1s, a veces encontraba burlas. Es ese per\u00edodo tuve la posibilidad de escuchar un v\u00eddeo en donde <strong><a href=\"https:\/\/www.focolare.org\/es\/chiara-lubich\/chi-e-chiara\/\">Chiara Lubich<\/a><\/strong> habla del <strong><a>dolor de Jes\u00fas en la cruz<\/a><\/strong>, cuando grita <em>\u201cDios m\u00edo, Dios m\u00edo, \u00bfpor qu\u00e9 me has abandonado?\u201d.<\/em>  Me sent\u00ed como liberado. Chiara en pocos minutos hab\u00eda desenredado cada nudo. A pesar de que no sab\u00eda nada de m\u00ed, estaba all\u00ed para explicarme la vida. Me dio a entender que ning\u00fan dolor pod\u00eda ser despreciado sino amado, porque estaba contenido en el dolor de Jes\u00fas.  La palabra \u201cabsurdo\u201d pod\u00eda describir perfectamente mi estado de \u00e1nimo ante la muerte de mi hermana. <strong>\u00a1Es absurdo morir con 20 a\u00f1os! <\/strong><strong>Pero cuando acept\u00e9 ese absurdo, <\/strong>volv\u00ed a encontrar el sentido de mi existencia y entend\u00ed, como lo hizo mi hermana, que se puede vencer la muerte.  <em>Antonio (T\u00e9ramo, Italia)<\/em><\/p>\n","protected":false},"excerpt":{"rendered":"<p>\u00bfC\u00f3mo afrontar el dolor cuando se presenta de repente y sin respuesta? Antonio logr\u00f3 ir m\u00e1s all\u00e1, encontrando el sentido en el Evangelio vivido.<\/p>\n","protected":false},"author":34,"featured_media":0,"comment_status":"open","ping_status":"open","sticky":false,"template":"","format":"standard","meta":{"give_campaign_id":0,"_seopress_robots_primary_cat":"","_seopress_titles_title":"","_seopress_titles_desc":"","_seopress_robots_index":"","_et_pb_use_builder":"","_et_pb_old_content":"","_et_gb_content_width":"","footnotes":""},"categories":[904],"tags":[],"class_list":["post-347888","post","type-post","status-publish","format-standard","hentry","category-focolare-worldwide-2-2"],"_links":{"self":[{"href":"https:\/\/www.focolare.org\/es\/wp-json\/wp\/v2\/posts\/347888","targetHints":{"allow":["GET"]}}],"collection":[{"href":"https:\/\/www.focolare.org\/es\/wp-json\/wp\/v2\/posts"}],"about":[{"href":"https:\/\/www.focolare.org\/es\/wp-json\/wp\/v2\/types\/post"}],"author":[{"embeddable":true,"href":"https:\/\/www.focolare.org\/es\/wp-json\/wp\/v2\/users\/34"}],"replies":[{"embeddable":true,"href":"https:\/\/www.focolare.org\/es\/wp-json\/wp\/v2\/comments?post=347888"}],"version-history":[{"count":0,"href":"https:\/\/www.focolare.org\/es\/wp-json\/wp\/v2\/posts\/347888\/revisions"}],"wp:attachment":[{"href":"https:\/\/www.focolare.org\/es\/wp-json\/wp\/v2\/media?parent=347888"}],"wp:term":[{"taxonomy":"category","embeddable":true,"href":"https:\/\/www.focolare.org\/es\/wp-json\/wp\/v2\/categories?post=347888"},{"taxonomy":"post_tag","embeddable":true,"href":"https:\/\/www.focolare.org\/es\/wp-json\/wp\/v2\/tags?post=347888"}],"curies":[{"name":"wp","href":"https:\/\/api.w.org\/{rel}","templated":true}]}}