{"id":347890,"date":"2012-02-15T15:48:59","date_gmt":"2012-02-15T14:48:59","guid":{"rendered":"https:\/\/www.focolare.org\/la-economia-de-comunion-en-la-onu\/"},"modified":"2024-06-06T12:27:52","modified_gmt":"2024-06-06T10:27:52","slug":"la-economia-de-comunion-en-la-onu","status":"publish","type":"post","link":"https:\/\/www.focolare.org\/es\/la-economia-de-comunion-en-la-onu\/","title":{"rendered":"La Econom\u00eda de comuni\u00f3n en la ONU"},"content":{"rendered":"<p><img alt=\"\" alt=\"\" loading=\"lazy\" decoding=\"async\" class=\"alignleft size-full wp-image-55498\" style=\"margin-right: 10px\" src=\"https:\/\/www.focolare.org\/wp-content\/uploads\/2012\/02\/120203_new_york_onu01_rid.jpg\" alt=\"\" width=\"250\" height=\"167\" \/><strong>Lucha contra la pobreza y <span style=\"text-decoration: underline\"><a href=\"http:\/\/www.edc-online.org\/\">Econom\u00eda de comuni\u00f3n<\/a>. <\/span><\/strong>El 3 de febrero fue presentado este \u00a0binomio desde varios \u00e1ngulos en las <strong><a href=\"http:\/\/www.un.org\/\">Naciones Unidas<\/a><\/strong>. Era un evento esperado, para el cual se reserv\u00f3 una sala de reuniones, espaciosa que ten\u00eda dos pantallas para la proyecci\u00f3n de videos.  <strong>Presencia internacional de los relatores, <\/strong>como es conveniente en una sede de la ONU: de Burundi, Brasil, Filipinas y algunos de los estados de USA (Boston, Indian\u00e1polis y Ciudad de Nueva York). Los presentes eran aproximadamente cincuenta, entre ellos representantes de ONG y delegados de la ONU en varios pa\u00edses de Africa, Europa, zona del Caribe y Norte Am\u00e9rica.  El evento fue organizado por <strong><span style=\"text-decoration: underline\"><a href=\"http:\/\/www.new-humanity.org\/it\/_about.htm\">Humanidad Nueva<\/a> <\/span><\/strong>(ONG del Movimiento de los Focolares, reconocida por\u00a0 el Estatuto Consultivo General del <strong><span style=\"text-decoration: underline\"><a href=\"http:\/\/www.un.org\/en\/ecosoc\">Consejo Econ\u00f3mico y Social del ONU (ECOSOC) <\/a><\/span><\/strong>\u00a0) y por la Misi\u00f3n\u00a0 del Observador Permanente de la Santa Sede en la ONU. En su introducci\u00f3n el Nuncio Apost\u00f3lico <strong>Mons.\u00a0 Chullikatt, <\/strong>trayendo a colaci\u00f3n la enc\u00edclica \u00a0<strong><span style=\"text-decoration: underline\"><a href=\"http:\/\/www.vatican.va\/holy_father\/benedict_xvi\/encyclicals\/documents\/hf_ben-xvi_enc_20090629_caritas-in-veritate_sp.html\">Caritas in Veritate<\/a> <\/span><\/strong>subray\u00f3 la importancia que hoy tiene la promoci\u00f3n integral del hombre.<!--[jwplayer mediaid=\"55499\"]--><a href=\"https:\/\/www.focolare.org\/wp-content\/uploads\/2012\/02\/20120215-02.jpg\"><img alt=\"\" alt=\"\" loading=\"lazy\" decoding=\"async\" class=\"alignright size-slide wp-image-55499\" style=\"border: 0pt none;margin: 5px\" src=\"https:\/\/www.focolare.org\/wp-content\/uploads\/2012\/02\/20120215-02-196x202.jpg\" alt=\"\" width=\"196\" height=\"202\" \/><\/a>  <strong>La Econom\u00eda<\/strong><strong> de Comuni\u00f3n (EdC) puede ofrecer elementos innovadores en el contexto de la actual crisis econ\u00f3mica , <\/strong>como hizo evidente en su intervenci\u00f3n John<strong> <\/strong>Mundell, presidente de la Mundell &amp; Associates y miembro de la EdC en USA. Junto con Elizabeth Garlow de Boston , <strong>ilustraron el estilo que caracteriza<\/strong> <strong>la gesti\u00f3n de una empresa de EdC, <\/strong>presentando algunos testimonios de algunos negocios que adhieren a la EdC en distintas partes del mundo. Era evidente, especialmente, la red de relaciones virtuales que se establece entre las distintas empresas  <strong>Futuro y ra\u00edces: <\/strong>son algunos de los j\u00f3venes presentes, &#8211; Claudia Herrero Martins Menegassi y John Paul Dominic Flores Yumul, provenientes respectivamente de Brasil y Filipinas, &#8211; enfocaron el contexto en el cual naci\u00f3 la EdC: en Brasil, en 1991, por una inspiraci\u00f3n de Chiara Lubich. Subrayaron la necesidad de desarrollar la <strong>\u201ccultura del dar\u201d <\/strong>que se opone a la del \u201cposeer\u201d y <strong>el rol activo de la persona \u00a0que se encuentra en necesidad, caracter\u00edstica t\u00edpica del proyecto. \u00a0<\/strong>Este tema fue el argumento principal de la<strong><span style=\"text-decoration: underline\"><a href=\"http:\/\/social.un.org\/index\/CommissionforSocialDevelopment\/Sessions\/2012.aspx\">50\u00ba sesi\u00f3n de la Comisi\u00f3n para el Desarrollo Social,<\/a> <\/span><\/strong>que \u00a0trata la erradicaci\u00f3n de la pobreza, por lo que la presentaci\u00f3n de la EdC constituye un evento paralelo.  Alexis Nsabinama, joven de Burundi, comunic\u00f3 su experiencia que se realiza en muchas partes de Africa donde la Econom\u00eda de Comuni\u00f3n, encontr\u00e1ndose \u00a0con fuertes valores comunitarios, t\u00edpicos de este continente, encuentra un terreno f\u00e9rtil.  Fue significativa la lectura del\u00a0 <strong><span style=\"text-decoration: underline\"><a href=\"http:\/\/www.edc-online.org\/es\/component\/content\/article\/19-moduli\/1656-messaggio-dei-giovani-qda-san-paolo-al-mondoq.html\">\u201cMensaje de los J\u00f3venes de San Pablo al Mundo\u201d <\/a>\u00a0<\/span><\/strong>que fue lanzado en el aniversario de los 20 a\u00f1os de EdC en Brasil (mayo del 2011)  <img alt=\"\" alt=\"\" loading=\"lazy\" decoding=\"async\" class=\"alignleft size-full wp-image-55509\" style=\"margin-right: 10px\" src=\"https:\/\/www.focolare.org\/wp-content\/uploads\/2012\/02\/20120215-04.jpg\" alt=\"\" width=\"250\" height=\"167\" \/>El mensaje, junto con la experiencia de Econom\u00eda de Comuni\u00f3n, sobre como <strong>\u201cerradicar la pobreza a trav\u00e9s de la fraternidad\u201d y <\/strong>algunas propuestas sobre<strong> <\/strong>las tasas de transacciones financieras, se encuentra en el <strong>documento preparatorio, y <\/strong>est\u00e1 a disposici\u00f3n\u00a0 en el sitio de las Naciones Unidas en varios idiomas.  Hugh\u00a0 Timothy Duggan, consultor de la representaci\u00f3n de los Estados Unidos en la ONU, pidi\u00f3 la adhesi\u00f3n de la EdC\u00a0 al programa de las Naciones Unidas <strong>\u201cGlobal compact\u201d <\/strong>(que con sus 8.700 adherentes de 130 naciones es la mayor iniciativa de tipo voluntario sobre la responsabilidad social de las empresas). En conclusi\u00f3n: el di\u00e1logo con los participantes subray\u00f3 el car\u00e1cter positivo de recibimiento por parte de quienes asistieron.  <strong>Fuente<\/strong>: <strong><span style=\"text-decoration: underline\"><a href=\"http:\/\/www.edc-online.org\/\">EdC online<\/a><\/span><\/strong>  .<\/p>\n","protected":false},"excerpt":{"rendered":"<p>El 3 de febrero en el \u00e1mbito de la Conferencia de la ONU sobre la erradicaci\u00f3n de la pobreza, se realiz\u00f3 la presentaci\u00f3n del proyecto de Econom\u00eda de Comuni\u00f3n,   y fue recibido con gran inter\u00e9s.<\/p>\n","protected":false},"author":34,"featured_media":0,"comment_status":"open","ping_status":"open","sticky":false,"template":"","format":"standard","meta":{"give_campaign_id":0,"_seopress_robots_primary_cat":"","_seopress_titles_title":"","_seopress_titles_desc":"","_seopress_robots_index":"","_et_pb_use_builder":"","_et_pb_old_content":"","_et_gb_content_width":"","footnotes":""},"categories":[904],"tags":[],"class_list":["post-347890","post","type-post","status-publish","format-standard","hentry","category-focolare-worldwide-2-2"],"_links":{"self":[{"href":"https:\/\/www.focolare.org\/es\/wp-json\/wp\/v2\/posts\/347890","targetHints":{"allow":["GET"]}}],"collection":[{"href":"https:\/\/www.focolare.org\/es\/wp-json\/wp\/v2\/posts"}],"about":[{"href":"https:\/\/www.focolare.org\/es\/wp-json\/wp\/v2\/types\/post"}],"author":[{"embeddable":true,"href":"https:\/\/www.focolare.org\/es\/wp-json\/wp\/v2\/users\/34"}],"replies":[{"embeddable":true,"href":"https:\/\/www.focolare.org\/es\/wp-json\/wp\/v2\/comments?post=347890"}],"version-history":[{"count":0,"href":"https:\/\/www.focolare.org\/es\/wp-json\/wp\/v2\/posts\/347890\/revisions"}],"wp:attachment":[{"href":"https:\/\/www.focolare.org\/es\/wp-json\/wp\/v2\/media?parent=347890"}],"wp:term":[{"taxonomy":"category","embeddable":true,"href":"https:\/\/www.focolare.org\/es\/wp-json\/wp\/v2\/categories?post=347890"},{"taxonomy":"post_tag","embeddable":true,"href":"https:\/\/www.focolare.org\/es\/wp-json\/wp\/v2\/tags?post=347890"}],"curies":[{"name":"wp","href":"https:\/\/api.w.org\/{rel}","templated":true}]}}