{"id":348222,"date":"2012-03-06T09:05:30","date_gmt":"2012-03-06T08:05:30","guid":{"rendered":"https:\/\/www.focolare.org\/instituto-universitario-sophia-open-day-2012\/"},"modified":"2024-06-06T12:28:56","modified_gmt":"2024-06-06T10:28:56","slug":"instituto-universitario-sophia-open-day-2012","status":"publish","type":"post","link":"https:\/\/www.focolare.org\/es\/instituto-universitario-sophia-open-day-2012\/","title":{"rendered":"Instituto Universitario Sophia: Open Day  2012"},"content":{"rendered":"<p><img alt=\"\" alt=\"\" loading=\"lazy\" decoding=\"async\" class=\"alignleft  wp-image-57586\" style=\"margin-right: 10px\" src=\"https:\/\/www.focolare.org\/wp-content\/uploads\/2012\/03\/20120306-02.jpg\" alt=\"\" width=\"130\" height=\"625\" \/><em>En este momento en el cual tambi\u00e9n las universidades est\u00e1n afectadas por esta crisis cultural, econ\u00f3mica y social, \u00bfqu\u00e9 es lo que los ha impulsado a empezar este proyecto y cu\u00e1l es la novedad de <strong><span style=\"text-decoration: underline\"><a href=\"http:\/\/www.iu-sophia.org\">Sophia<\/a>?<\/span><\/strong>\u201d <\/em>pregunta Giorgia, italiana, representante de los estudiantes, al Presidente del IUS<strong>, el te\u00f3logo Piero Coda. <\/strong>Es portavoz de la pregunta de numerosos estudiantes, j\u00f3venes interesados y futuros aspirantes a la Universidad, presentes en <strong><span style=\"text-decoration: underline\"><a href=\"http:\/\/www.loppiano.it\/\">Loppiano<\/a>, <\/span><\/strong>o en conexi\u00f3n v\u00eda Internet desde los cuatro \u00e1ngulos del globo terr\u00e1queo, en el primer \u201c<strong><span style=\"text-decoration: underline\"><a href=\"http:\/\/www.iu-sophia.org\/default.asp?s=1&amp;o=466&amp;c=0\" target=\"_blank\" rel=\"noopener\">IUS Open Day<\/a>\u201d<\/span><\/strong> del pasado 1\u00ba de marzo.  Una novedad, \u00bfcu\u00e1l? Conjugar una rigurosa formaci\u00f3n cient\u00edfica con la Sabidur\u00eda \u2013de aqu\u00ed el nombre Sophia-, entendida como mirada interdisciplinaria, que llega a las ra\u00edces de la revelaci\u00f3n cristiana. Es \u00e9sta la novedad y la misi\u00f3n de este Instituto\u00a0 Universitario (IUS) que tiene como objetivo el formar hombres y mujeres capaces de redescubrir el destino\u00a0 de la humanidad, expresa el presidente Piero Coda en el <strong><span style=\"text-decoration: underline\"><a href=\"http:\/\/www.youtube.com\/watch?v=yEY1sksLeLk&amp;feature=player_embedded#!\" target=\"_blank\" rel=\"noopener\">video entrevista<\/a> <\/span><\/strong>transmitido en vivo. Hasta hoy son casi 150 los estudiantes que han asistido y siguen los cursos del IUS, de los cuales unos treinta ya se han graduado. <em>La experiencia de Sophia comenz\u00f3 hace unos a\u00f1os con la escuela de verano (summer school) \u2013recuerda el Prof. Coda-, y el objetivo era relacionar disciplinas distintas bajo\u00a0 la luz del carisma de <strong><span style=\"text-decoration: underline\"><a href=\"https:\/\/www.focolare.org\/es\/chiara-lubich\/chi-e-chiara\/\">Chiara Lubich<\/a> <\/span><\/strong>para superar la fragmentaci\u00f3n que se advierte entre estas disciplinas. \u00a0Hoy el Instituto lleg\u00f3 a su cuarto a\u00f1o de vida y propone una formaci\u00f3n que lleve a superar la \u201cesquizofrenia\u201d que se nota entre la formaci\u00f3n acad\u00e9mica y los desaf\u00edos sociales, pol\u00edticos y econ\u00f3micos del mundo actual\u201d<\/em>  <img alt=\"\" alt=\"\" loading=\"lazy\" decoding=\"async\" class=\"alignright  wp-image-57587\" style=\"margin-left: 10px\" src=\"https:\/\/www.focolare.org\/wp-content\/uploads\/2012\/03\/20120306-01.jpg\" alt=\"\" width=\"130\" height=\"451\" \/><em>\u00a0<\/em>Son varias las novedades en la formaci\u00f3n presentadas por los profesores <strong>Judith Povilus, vice-rectora del IUS, Antonio Maria Baggio<\/strong>, docente de filosof\u00eda pol\u00edtica, <strong>Alessandro Clemessia<\/strong>, te\u00f3logo y <strong>Giuseppe Argiolas, <\/strong><strong>economista. A partir del pr\u00f3ximo setiembre,<\/strong> <strong>la maestr\u00eda <\/strong>en <strong>\u00a0\u201cFundamentos y perspectivas de una cultura de la unidad\u201d <\/strong>se articular\u00e1 en cuatro \u00e1reas de especializaci\u00f3n: estudios pol\u00edticos, ontolog\u00eda trinitaria, econom\u00eda y gerencia, y finalmente en \u201ccultura de la unidad\u201d. Esta \u00faltima est\u00e1 dirigida a estudiantes que provienen de cualquier \u00e1rea de especializaci\u00f3n, abiertos a la construcci\u00f3n de un mundo nuevo y que priorizan la dimensi\u00f3n de las relaciones humanas.  He aqu\u00ed lo que dicen algunos estudiantes de Sophia que provienen de distintos Pa\u00edses de los cinco continentes: <strong>Metta, tailandesa de religi\u00f3n budista, <\/strong>estudiante en un ambiente de inspiraci\u00f3n cristiana: <em>Para mi el estudio aqu\u00ed es principalmente una relaci\u00f3n de fraternidad y esta relaci\u00f3n es el lenguaje que nos une a todos, estudiantes y docentes, a\u00fan en nuestra diversidad, una dimensi\u00f3n que encuentro tambi\u00e9n en mi religi\u00f3n\u201d<\/em>  <em>\u00a0<\/em><strong>Marco, italiano, graduado en Ciencias Motoras, <\/strong>asiste al primer a\u00f1o del IUS: <em>\u201cEn lo que respecta a mis perspectivas futuras, mi elecci\u00f3n de asistir a Sophia, naci\u00f3 del deseo \u2013no tanto de profundizar en una disciplina espec\u00edfica sino de la exigencia de recibir una formaci\u00f3n que me permita lo m\u00e1s posible ampliar mis horizontes culturales y cognoscitivos para poder enfrentar un mundo que ahora no me ofrece certezas y por esto exige que yo <em>tome la iniciativa\u201d.<\/em> <\/em><\/p>\n","protected":false},"excerpt":{"rendered":"<p>Experiencia acad\u00e9mica y de vida por la que han pasado hasta el d\u00eda de hoy  150 estudiantes. Las puertas est\u00e1n abiertas para conocer el curr\u00edculum y las perspectivas.<\/p>\n","protected":false},"author":34,"featured_media":0,"comment_status":"open","ping_status":"open","sticky":false,"template":"","format":"standard","meta":{"give_campaign_id":0,"_seopress_robots_primary_cat":"","_seopress_titles_title":"","_seopress_titles_desc":"","_seopress_robots_index":"","_et_pb_use_builder":"","_et_pb_old_content":"","_et_gb_content_width":"","footnotes":""},"categories":[904],"tags":[],"class_list":["post-348222","post","type-post","status-publish","format-standard","hentry","category-focolare-worldwide-2-2"],"_links":{"self":[{"href":"https:\/\/www.focolare.org\/es\/wp-json\/wp\/v2\/posts\/348222","targetHints":{"allow":["GET"]}}],"collection":[{"href":"https:\/\/www.focolare.org\/es\/wp-json\/wp\/v2\/posts"}],"about":[{"href":"https:\/\/www.focolare.org\/es\/wp-json\/wp\/v2\/types\/post"}],"author":[{"embeddable":true,"href":"https:\/\/www.focolare.org\/es\/wp-json\/wp\/v2\/users\/34"}],"replies":[{"embeddable":true,"href":"https:\/\/www.focolare.org\/es\/wp-json\/wp\/v2\/comments?post=348222"}],"version-history":[{"count":0,"href":"https:\/\/www.focolare.org\/es\/wp-json\/wp\/v2\/posts\/348222\/revisions"}],"wp:attachment":[{"href":"https:\/\/www.focolare.org\/es\/wp-json\/wp\/v2\/media?parent=348222"}],"wp:term":[{"taxonomy":"category","embeddable":true,"href":"https:\/\/www.focolare.org\/es\/wp-json\/wp\/v2\/categories?post=348222"},{"taxonomy":"post_tag","embeddable":true,"href":"https:\/\/www.focolare.org\/es\/wp-json\/wp\/v2\/tags?post=348222"}],"curies":[{"name":"wp","href":"https:\/\/api.w.org\/{rel}","templated":true}]}}