{"id":348232,"date":"2012-03-08T04:00:24","date_gmt":"2012-03-08T03:00:24","guid":{"rendered":"https:\/\/www.focolare.org\/genfest-2012-historia-en-flash\/"},"modified":"2024-06-06T12:28:59","modified_gmt":"2024-06-06T10:28:59","slug":"genfest-2012-historia-en-flash","status":"publish","type":"post","link":"https:\/\/www.focolare.org\/es\/genfest-2012-historia-en-flash\/","title":{"rendered":"Genfest 2012: Historia en Flash"},"content":{"rendered":"<p><iframe loading=\"lazy\" title=\"Genfest 2012 - History in a Flash\" width=\"1080\" height=\"810\" src=\"https:\/\/www.youtube.com\/embed\/cZEquQfVKCk?feature=oembed\"  allow=\"accelerometer; autoplay; clipboard-write; encrypted-media; gyroscope; picture-in-picture; web-share\" referrerpolicy=\"strict-origin-when-cross-origin\" allowfullscreen><\/iframe><\/p>\n","protected":false},"excerpt":{"rendered":"<p>Al llamado lanzado por Chiara Lubich a finales de los a\u00f1os \u201960 \u201cJ\u00f3venes de todo el mundo \u00a1\u00fananse!\u201d, miles de j\u00f3venes, de todas las latitudes, han respondido comprometi\u00e9ndose a persiguir un ideal alto, colaborar con la unificaci\u00f3n de la familia humana. En este breve video se recorren los momentos m\u00e1s significativos de esta historia.<br \/>\n<\/p>\n<p style=\"text-align: left\" align=\"right\"><span style=\"color: #008080\"><a href=\"http:\/\/www.centrochiaralubich.org\/es\"><span style=\"color: #008080\">&gt;&gt;Centro Chiara Lubich&gt;&gt;<\/span><\/a><\/span><\/p>\n","protected":false},"author":34,"featured_media":0,"comment_status":"open","ping_status":"open","sticky":false,"template":"","format":"standard","meta":{"give_campaign_id":0,"_seopress_robots_primary_cat":"","_seopress_titles_title":"","_seopress_titles_desc":"","_seopress_robots_index":"","_et_pb_use_builder":"","_et_pb_old_content":"","_et_gb_content_width":"","footnotes":""},"categories":[46],"tags":[],"class_list":["post-348232","post","type-post","status-publish","format-standard","hentry","category-sin-categorizar"],"_links":{"self":[{"href":"https:\/\/www.focolare.org\/es\/wp-json\/wp\/v2\/posts\/348232","targetHints":{"allow":["GET"]}}],"collection":[{"href":"https:\/\/www.focolare.org\/es\/wp-json\/wp\/v2\/posts"}],"about":[{"href":"https:\/\/www.focolare.org\/es\/wp-json\/wp\/v2\/types\/post"}],"author":[{"embeddable":true,"href":"https:\/\/www.focolare.org\/es\/wp-json\/wp\/v2\/users\/34"}],"replies":[{"embeddable":true,"href":"https:\/\/www.focolare.org\/es\/wp-json\/wp\/v2\/comments?post=348232"}],"version-history":[{"count":0,"href":"https:\/\/www.focolare.org\/es\/wp-json\/wp\/v2\/posts\/348232\/revisions"}],"wp:attachment":[{"href":"https:\/\/www.focolare.org\/es\/wp-json\/wp\/v2\/media?parent=348232"}],"wp:term":[{"taxonomy":"category","embeddable":true,"href":"https:\/\/www.focolare.org\/es\/wp-json\/wp\/v2\/categories?post=348232"},{"taxonomy":"post_tag","embeddable":true,"href":"https:\/\/www.focolare.org\/es\/wp-json\/wp\/v2\/tags?post=348232"}],"curies":[{"name":"wp","href":"https:\/\/api.w.org\/{rel}","templated":true}]}}