{"id":348288,"date":"2012-03-16T09:00:51","date_gmt":"2012-03-16T08:00:51","guid":{"rendered":"https:\/\/www.focolare.org\/filipinas-jovenes-url\/"},"modified":"2024-06-06T12:29:09","modified_gmt":"2024-06-06T10:29:09","slug":"filipinas-jovenes-url","status":"publish","type":"post","link":"https:\/\/www.focolare.org\/es\/filipinas-jovenes-url\/","title":{"rendered":"Filipinas: j\u00f3venes URL"},"content":{"rendered":"<p><img loading=\"lazy\" decoding=\"async\" class=\"ngg-singlepic ngg-none alignleft\" style=\"margin-right: 10px;border: 0pt none\" src=\"https:\/\/www.focolare.org\/wp-content\/blogs.dir\/1\/files\/anniversario-chiara-2012-gen-filippine\/14032012-08.jpg\" alt=\"14032012-08\" width=\"360\" height=\"239\" \/><strong>URL<\/strong>. No se trata de la Unique Resource Location que nos permite localizar de forma un\u00edvoca la direcci\u00f3n de un sitio Internet, sino que significa United in the Revolution of Love ,Unidos en la Revoluci\u00f3n de Amor, el amor que tiene como fuente el Evangelio, ese amor que millares de j\u00f3venes de todo el mundo han aprendido de las ense\u00f1anzas y de la vida de <strong><a href=\"https:\/\/www.focolare.org\/es\/chiara-lubich\/chi-e-chiara\/\">Chiara Lubich<\/a><\/strong>, de quien en estos d\u00edas recordamos el <strong><a href=\"https:\/\/www.focolare.org\/es\/news\/2012\/03\/14\/4-anniversario-della-nascita-al-cielo-di-chiara-lubich\/\">4\u00ba aniversario<\/a><\/strong> de su llegada al cielo.<\/p>\n<p>Es el t\u00edtulo que los j\u00f3venes filipinos dieron a su manifestaci\u00f3n del 10 de marzo pasado , d\u00eda elegido por ellos para homenajear a Chiara y al<a href=\"https:\/\/www.focolare.org\/es\/news\/2012\/03\/10\/chiara-lubich-e-le-nuove-generazioni\/\"><strong> impacto de su carisma en los j\u00f3venes, de hoy y de ayer.<\/strong><\/a> El lugar es tambi\u00e9n simb\u00f3lico: el antiguo pabell\u00f3n, de 400 a\u00f1os, de la <a href=\"http:\/\/www.ust.edu.ph\/\"><strong>Universidad de San Tom\u00e1s<\/strong><\/a>, la pontificia universidad real que otorg\u00f3 a Chiara el <strong><a href=\"https:\/\/www.focolare.org\/es\/chiara-lubich\/chi-e-chiara\/riconoscimenti\/\">doctorado en teolog\u00eda en 1997<\/a><\/strong>, en Manila. Fr. Rolando De La Rosa, il 95\u00b0 rector de la universidad, en el saludo de bienvenida, relat\u00f3 su personal encuentro con Chiara en aqu\u00e9l a\u00f1o, present\u00e1ndola como una persona que vale la pena imitar, porque propone la santidad como meta al alcance de todos.<\/p>\n<p>Los <strong><a href=\"https:\/\/www.focolare.org\/es\/movimento-dei-focolari\/scelte-e-impegno\/gen\/\">gen<\/a><\/strong> \u2013j\u00f3venes comprometidos de los Focolares-, codo a codo con la parte adulta del Movimiento, daban testimonio de la \u201cconstelaci\u00f3n de estrellas\u201d que Chiara intuy\u00f3 que habr\u00eda existido en el seno del Movimiento como una \u2018segunda generaci\u00f3n\u2019 despu\u00e9s de la primera generaci\u00f3n que fue la que comenz\u00f3. Son ellos los verdaderos protagonistas de la \u201crevoluci\u00f3n de amor\u201d<\/p>\n<p>Entre los 2000 j\u00f3venes que llenaban el pabell\u00f3n, hab\u00eda un grupo de budistas que present\u00f3 una canci\u00f3n sobre la unidad. Asistieron tambi\u00e9n religiosos y religiosas de varias congregaciones y algunos seminaristas, impresionados por el mensaje dirigido por Chiara a los j\u00f3venes: \u201cTienen una vida sola, g\u00e1stenla bien!\u201d y por la radicalidad de vida propuesta a ellos. Un joven escribi\u00f3: \u201cEs el momento m\u00e1s hermoso que he vivido en mi vida. Conocer a Chiara Lubich es la fortuna m\u00e1s grande que tuve, porque como muchas personas que la conocieron, tambi\u00e9n yo pude descubrir a Dios que es Amor\u201d<\/p>\n<p><strong>Uno de los participantes sintetiza as\u00ed las dos horas del programa:<\/strong> <em>\u201cCelebrar el 4\u00ba aniversario de la llegada de Chiara al Cielo: las charlas y los video-clips sobre ella, hablaban de la capacidad de dar la \u201clargada\u201d a una revoluci\u00f3n capaz de cambiar la vida de millares de personas. Las entrevistas a personas de edad, de profesiones y orientaci\u00f3n cultural distinta, subrayaban el efecto revolucionario del Evangelio, cuando se practica. Las canciones, los bailes, las experiencias, estaban todas centradas en el impacto de Chiara en la sociedad, en la Iglesia y en la humanidad, y se pod\u00eda tener una idea del impacto de su Ideal en la vida de las personas, en sus diversas culturas, en sus relaciones interpersonales, vocaciones, arte, pol\u00edtica, negocios\u2026 sobre todos los aspectos de la vida humana\u201d<\/em><\/p>\n<p>Como conclusi\u00f3n, hubo una solemne celebraci\u00f3n de la Misa, presidida por el Obispo Gerard Alminaza y concelebrada por el Obispo Antonio Tob\u00edas, encargado del trabajo ecum\u00e9nico en la Conferencia Episcopal Filipina. Finalmente, los responsables de los Focolares en las <strong><a href=\"https:\/\/www.focolare.org\/it\/focolare-worldwide\/asia\/filippine\/\">Filipinas<\/a><\/strong> se dirigieron a todos recordando las palabras imaginadas por Chiara en el momento del encuentro con Dios: \u201cSi tu me preguntaras quien soy, no dir\u00eda mi nombre, dir\u00eda soy GRACIAS, por todo y para siempre\u201d. Este fue el pensamiento que cada uno se llev\u00f3 en su coraz\u00f3n saliendo del Pabell\u00f3n.<\/p>\n<div class=\"et_pb_slider et_pb_slider_fullwidth_off et_pb_gallery_post_type\">\n\t\t\t\t<div class=\"et_pb_slides\">\n\t\t\t\t\t\n\t\t\t\t<\/div>\n\t\t\t<\/div>\n","protected":false},"excerpt":{"rendered":"<p>Este t\u00edtulo que ha reunido en Manila 2000 j\u00f3venes reunidos para recordar a Chiara Lubich y su relaci\u00f3n privilegiada con las nuevas generaciones, juega con el vocabulario de  Internet<\/p>\n","protected":false},"author":34,"featured_media":0,"comment_status":"open","ping_status":"open","sticky":false,"template":"","format":"standard","meta":{"give_campaign_id":0,"_seopress_robots_primary_cat":"","_seopress_titles_title":"","_seopress_titles_desc":"","_seopress_robots_index":"","_et_pb_use_builder":"","_et_pb_old_content":"","_et_gb_content_width":"","footnotes":""},"categories":[904],"tags":[],"class_list":["post-348288","post","type-post","status-publish","format-standard","hentry","category-focolare-worldwide-2-2"],"_links":{"self":[{"href":"https:\/\/www.focolare.org\/es\/wp-json\/wp\/v2\/posts\/348288","targetHints":{"allow":["GET"]}}],"collection":[{"href":"https:\/\/www.focolare.org\/es\/wp-json\/wp\/v2\/posts"}],"about":[{"href":"https:\/\/www.focolare.org\/es\/wp-json\/wp\/v2\/types\/post"}],"author":[{"embeddable":true,"href":"https:\/\/www.focolare.org\/es\/wp-json\/wp\/v2\/users\/34"}],"replies":[{"embeddable":true,"href":"https:\/\/www.focolare.org\/es\/wp-json\/wp\/v2\/comments?post=348288"}],"version-history":[{"count":0,"href":"https:\/\/www.focolare.org\/es\/wp-json\/wp\/v2\/posts\/348288\/revisions"}],"wp:attachment":[{"href":"https:\/\/www.focolare.org\/es\/wp-json\/wp\/v2\/media?parent=348288"}],"wp:term":[{"taxonomy":"category","embeddable":true,"href":"https:\/\/www.focolare.org\/es\/wp-json\/wp\/v2\/categories?post=348288"},{"taxonomy":"post_tag","embeddable":true,"href":"https:\/\/www.focolare.org\/es\/wp-json\/wp\/v2\/tags?post=348288"}],"curies":[{"name":"wp","href":"https:\/\/api.w.org\/{rel}","templated":true}]}}