{"id":348294,"date":"2012-03-19T02:00:42","date_gmt":"2012-03-19T01:00:42","guid":{"rendered":"https:\/\/www.focolare.org\/argentina-fue-inaugurado-el-nuevo-curso-anual-para-jovenes-en-la-mariapolis-lia\/"},"modified":"2024-06-06T12:29:10","modified_gmt":"2024-06-06T10:29:10","slug":"argentina-fue-inaugurado-el-nuevo-curso-anual-para-jovenes-en-la-mariapolis-lia","status":"publish","type":"post","link":"https:\/\/www.focolare.org\/es\/argentina-fue-inaugurado-el-nuevo-curso-anual-para-jovenes-en-la-mariapolis-lia\/","title":{"rendered":"Argentina: fue inaugurado el nuevo curso anual para j\u00f3venes en la Mari\u00e1polis L\u00eda"},"content":{"rendered":"<p><span style=\"font-family: Arial, sans-serif\"><a href=\"https:\/\/www.focolare.org\/wp-content\/uploads\/2012\/03\/DSC00209.jpg\"><img alt=\"\" alt=\"\" loading=\"lazy\" decoding=\"async\" class=\"alignleft  wp-image-58602\" style=\"margin-right: 10px;border: 0pt none\" src=\"https:\/\/www.focolare.org\/wp-content\/uploads\/2012\/03\/DSC00209-421x200.jpg\" alt=\"\" width=\"337\" height=\"160\" \/><\/a>Tarde soleada en el final del verano austral. En la <a title=\"Mari\u00e1polis L\u00eda\" href=\"http:\/\/www.mariapolis.org.ar\">Mari\u00e1polis<\/a> hay un sereno clima de fiesta. Se est\u00e1n celebrando los 4 a\u00f1os de la llegada al Cielo de <a title=\"Chiara Lubich\" href=\"https:\/\/www.focolare.org\/es\/chiara-lubich\/chi-e-chiara\/\">Chiara Lubich <\/a>y precisamente este a\u00f1o se quiere hacer foco sobre la particular relaci\u00f3n de la fundadora de los Focolares con los j\u00f3venes. Qu\u00e9 mejor oportunidad que \u00e9sta para realizar el Acto Acad\u00e9mico de inicio del \u201cCurso b\u00e1sico de cultura de la unidad\u201d para los j\u00f3venes<a href=\"https:\/\/www.focolare.org\/es\/movimento-dei-focolari\/scelte-e-impegno\/gen\/\"> gen <\/a>que han llegado de 17 pa\u00edses distintos para participar durante el 2012 de esta singular escuela. Son 80 de todos los pa\u00edses del continente americano y de Europa que interrumpieron sus estudios por un a\u00f1o para venir a esta ciudadela enclavada en la pampa argentina a formarse para ser constructores de fraternidad en los ambientes donde luego se establecer\u00e1n.\u00a0<\/span>  \u201c<span style=\"font-family: Arial, sans-serif\">Toda la vida, todos los momentos del d\u00eda, desde el trabajo en los distintos talleres hasta el deporte, el tiempo dedicado formalmente a las clases, la liturgia, como tambi\u00e9n la atenci\u00f3n y el acompa\u00f1amiento a los hu\u00e9spedes que vienen a visitar la ciudadela, todo es considerado como formativo\u201d, explica Adriana Otero, especialista en microbiolog\u00eda y medioambiente, responsable de la escuela de las gen. \u201cEn efecto \u2013acota Omar D\u00edaz, licenciado en educaci\u00f3n, responsable a su vez de la escuela de los gen\u2013, como ya hab\u00eda sugerido Chiara, la vida de esta escuela debe girar en torno a 4 comuniones cotidianas: con la Eucarist\u00eda, con la Palabra vivida en todo momento y situaci\u00f3n, con el hermano y con Jes\u00fas en medio, una presencia que se torna palpable cuando existe la reciprocidad del amor\u201d.<\/span>  <span style=\"font-family: Arial, sans-serif\">La mayor\u00eda de los j\u00f3venes, que apenas finalizaron la educaci\u00f3n media, tienen su primera experiencia laboral en la Mari\u00e1polis. Conviven en casas habitadas entre 7 y 10 j\u00f3venes, con todas las caracter\u00edsticas de la vida diaria: cocinar, mantener el orden y la armon\u00eda, estar atentos a las necesidades de los dem\u00e1s, con el condimento de la internacionalidad. Mientras se presentaban los distintos grupos era com\u00fan escuchar: \u201cSomos 7 de 6 nacionalidades distintas\u201d.<\/span>  \u201c<span style=\"font-family: Arial, sans-serif\">Es hermoso ver c\u00f3mo cada a\u00f1o llegan adolescentes y al momento de volver a sus ciudades de origen se van personas adultas, con el alma y la mente dilatada sobre toda la humanidad\u201d, explica Silvana Verd\u00fan, psicopedagoga boliviana, profesora de la escuela. <\/span>  <span style=\"font-family: Arial, sans-serif\"><a href=\"https:\/\/www.focolare.org\/wp-content\/uploads\/2012\/03\/DSC00221.jpg\"><img alt=\"\" alt=\"\" loading=\"lazy\" decoding=\"async\" class=\"alignright size-home_top wp-image-58604\" style=\"margin-left: 10px;border: 0pt none\" src=\"https:\/\/www.focolare.org\/wp-content\/uploads\/2012\/03\/DSC00221-421x200.jpg\" alt=\"\" width=\"421\" height=\"200\" \/><\/a><\/span><span style=\"font-family: Arial, sans-serif\">\u00bfCu\u00e1les son las expectativas que cada uno tiene? Luz -17 a\u00f1os, de La Plata, Argentina- se propone crecer como persona y encuentra muy rica la posibilidad de convivir con chicas de diferentes lugares. Andr\u00e9s \u201319 a\u00f1os, Venezuela- espera sacar mucho provecho para aprender y crecer integralmente. Thomas \u201321 a\u00f1os, Eslovaquia- quiere crecer en su relaci\u00f3n con Dios y con los hermanos. <\/span>  <span style=\"font-family: Arial, sans-serif\">Tienen un a\u00f1o por delante. Un camino que tendr\u00e1 rectas, curvas, subidas, precipicios. Un recorrido planificado, pero que seguramente presentar\u00e1 tambi\u00e9n el encuentro con lo inesperado, lo desconocido. Una meta que se alcanzar\u00e1 si cada uno pone su empe\u00f1o para traducir en vida, en hechos, todo lo que se va descubriendo d\u00eda a d\u00eda.<\/span><\/p>\n","protected":false},"excerpt":{"rendered":"<p>El martes 13 de marzo tuvo lugar el acto acad\u00e9mico de inicio del a\u00f1o lectivo de la Escuela Gen. Participan 80 j\u00f3venes de 17 pa\u00edses.<\/p>\n","protected":false},"author":1,"featured_media":0,"comment_status":"open","ping_status":"open","sticky":false,"template":"","format":"standard","meta":{"give_campaign_id":0,"_seopress_robots_primary_cat":"","_seopress_titles_title":"","_seopress_titles_desc":"","_seopress_robots_index":"","_et_pb_use_builder":"","_et_pb_old_content":"","_et_gb_content_width":"","footnotes":""},"categories":[904],"tags":[],"class_list":["post-348294","post","type-post","status-publish","format-standard","hentry","category-focolare-worldwide-2-2"],"_links":{"self":[{"href":"https:\/\/www.focolare.org\/es\/wp-json\/wp\/v2\/posts\/348294","targetHints":{"allow":["GET"]}}],"collection":[{"href":"https:\/\/www.focolare.org\/es\/wp-json\/wp\/v2\/posts"}],"about":[{"href":"https:\/\/www.focolare.org\/es\/wp-json\/wp\/v2\/types\/post"}],"author":[{"embeddable":true,"href":"https:\/\/www.focolare.org\/es\/wp-json\/wp\/v2\/users\/1"}],"replies":[{"embeddable":true,"href":"https:\/\/www.focolare.org\/es\/wp-json\/wp\/v2\/comments?post=348294"}],"version-history":[{"count":0,"href":"https:\/\/www.focolare.org\/es\/wp-json\/wp\/v2\/posts\/348294\/revisions"}],"wp:attachment":[{"href":"https:\/\/www.focolare.org\/es\/wp-json\/wp\/v2\/media?parent=348294"}],"wp:term":[{"taxonomy":"category","embeddable":true,"href":"https:\/\/www.focolare.org\/es\/wp-json\/wp\/v2\/categories?post=348294"},{"taxonomy":"post_tag","embeddable":true,"href":"https:\/\/www.focolare.org\/es\/wp-json\/wp\/v2\/tags?post=348294"}],"curies":[{"name":"wp","href":"https:\/\/api.w.org\/{rel}","templated":true}]}}