{"id":348306,"date":"2012-03-24T10:06:10","date_gmt":"2012-03-24T09:06:10","guid":{"rendered":"https:\/\/www.focolare.org\/viaje-a-centro-america-una-cultura-de-la-confianza\/"},"modified":"2024-06-06T12:29:14","modified_gmt":"2024-06-06T10:29:14","slug":"viaje-a-centro-america-una-cultura-de-la-confianza","status":"publish","type":"post","link":"https:\/\/www.focolare.org\/es\/viaje-a-centro-america-una-cultura-de-la-confianza\/","title":{"rendered":"Viaje a Centro Am\u00e9rica: una cultura de la confianza"},"content":{"rendered":"<p><a href=\"https:\/\/www.focolare.org\/wp-content\/uploads\/2012\/03\/20120324-05.jpg\"><img alt=\"\" alt=\"\" loading=\"lazy\" decoding=\"async\" class=\"size-articolo_1 wp-image-59168 alignleft\" style=\"margin-right: 10px;border: 0pt none\" src=\"https:\/\/www.focolare.org\/wp-content\/uploads\/2012\/03\/20120324-05-250x166.jpg\" alt=\"\" width=\"250\" height=\"166\" \/><\/a> Am\u00e9rica Central es una tierra de contrastes, de colores, de una vida social rica y compleja. Es tambi\u00e9n, como muchas otras, una tierra de inseguridad, como cuentan tres focolarinos procedentes de San Salvador en carro para reunirse con otros focolarinos y focolarinas de la regi\u00f3n en Guatemala. Han sido asaltados por una de las muchas bandas armadas que azotan las carreteras. <em>\u00abUn poco de miedo, pero gracias a Dios no ha ido tan mal <\/em>\u2013cuenta, Edmar\u2013<em>. \u201cMientras estaba maniatado boca abajo, empec\u00e9 a rezar por estas personas\u201d <\/em>\u2013agrega Gregorio\u2013.<em> Hoy el d\u00eda resplandece de nuevo\u00bb, concluyen. <\/em><a href=\"https:\/\/www.focolare.org\/es\/news\/2011\/01\/20\/maria-voce\/\"><strong>Maria Voce<\/strong><\/a>, escuchando el relato comenta: <em>\u00abquiz\u00e1s ha sido el \u00faltimo momento de una parte de sus vidas. Dios quiere que vuelvan a comenzar, convertirse de nuevo a su amor e ir adelante. M\u00e1s bien podemos ahora recomenzar todos juntos una vida nueva\u00bb. <\/em><strong>Son alrededor de cuarenta las focolarinas y los focolarinos presentes en el Centro Mari\u00e1polis de Ciudad de Guatemala<\/strong> y llegan del mismo Guatemala, pero <strong>tambi\u00e9n de <a href=\"https:\/\/www.focolare.org\/es\/focolare-worldwide\/america-nord-e-centrale\/honduras\/\">Honduras<\/a>,<\/strong> <a href=\"https:\/\/www.focolare.org\/es\/focolare-worldwide\/america-nord-e-centrale\/el-salvador\/\">El Salvador<\/a><strong>, <a href=\"https:\/\/www.focolare.org\/es\/focolare-worldwide\/america-nord-e-centrale\/nicaragua\/\">Nicaragua<\/a> (<\/strong>entre ellos algunos originarios de Argentina, Ecuador, M\u00e9xico, Colombia, Italia\u2026). <strong>Es el \u201ccoraz\u00f3n\u201d, en esta tierra, del Movimiento de los Focolares<\/strong>, pero es tambi\u00e9n su representaci\u00f3n fiel por etnias, clases sociales, profesiones, sensibilidad pol\u00edtica, social y econ\u00f3mica. Entre ellos est\u00e1 quien estaba a favor de los revolucionarios y quien con el gobierno, quien llega de un ambiente maya <em>katchiquel<\/em> y quien es ladino, <em><strong><\/strong><\/em><strong><a href=\"https:\/\/www.focolare.org\/wp-content\/uploads\/2012\/03\/20120324-061.jpg\"><img alt=\"\" alt=\"\" loading=\"lazy\" decoding=\"async\" class=\"alignright  wp-image-59172\" style=\"margin-left: 10px;border: 0pt none\" src=\"https:\/\/www.focolare.org\/wp-content\/uploads\/2012\/03\/20120324-061.jpg\" alt=\"\" width=\"365\" height=\"244\" \/><\/a>quien rico y quien pobre. Gente que ama a Dios hasta entregarle su vida y que ama a su pueblo, o mejor dicho a sus pueblos. Tambi\u00e9n est\u00e1 quien se halla gravemente enfermo y ofrece cada momento para dirigir su propia vida a la \u00fanica cosa que importa, el amor hacia Dios y a los dem\u00e1s. Est\u00e1 tambi\u00e9n quien tiene un mont\u00f3n de hijos, muchos nietos y, a pesar de los a\u00f1os, todav\u00eda busca <em>\u00abal Dios del amor y no al de la justicia vengadora\u00bb.<\/em> Porque <em>\u00abpor estos lados se necesita ser revolucionarios para seguir a Jes\u00fas. Dios da mucho, pero exige tambi\u00e9n mucho\u00bb.<\/em><\/strong> <strong>La presidente de los Focolares<\/strong>, escuchando las experiencias personales y comunitarias de los presentes, <strong>propone la idea de la promoci\u00f3n de una \u201ccultura de la confianza\u201d<\/strong> que supere la de la sospecha. <strong>Esto <\/strong><em><strong>\u00abquiere decir tener absoluta confianza en el otro, en el hermano: el otro (miembro del Movimiento) quiere lo que yo quiero, es decir la unidad.<\/strong> Cada quien trabaja de una manera distinta, pero todos lo hacemos en favor de la unidad. <strong>Confiar en Dios y confiar en los dem\u00e1s entonces se vuelve imperativo.<\/strong> Significa creer que Dios est\u00e1 trabajando: no le sirven personas perfectas, sino aquellas personas que \u00c9l necesita\u00bb.<\/em> <strong><em>Promocionar esta \u201ccultura de la confianza\u201d<\/em><\/strong> \u2013 afirma una joven hondure\u00f1a \u2013 <em>no es solamente \u00a0importante para quien se reconoce en el esp\u00edritu de la unidad, porque si miramos bien <strong>vale tambi\u00e9n para toda la sociedad centroamericana<\/strong>, en donde la confianza en el otro, justamente por la inseguridad generalizada, parece un lujo, un riesgo excesivo\u00bb.<\/em> Es necesario comportarse como Gregorio, que rez\u00f3 por sus atracadores\u2026 Maria Voce y Giancarlo Faletti, respondiendo a las preguntas de los presentes, <strong>subrayan la importancia de una profunda inculturaci\u00f3n del carisma de la unidad en las culturas mesoamericanas<\/strong>, as\u00ed como en las otras culturas. Inculturaci\u00f3n que pasa a trav\u00e9s de las personas de estos lugares, tocadas por el mismo carisma y que lo expresar\u00e1n confront\u00e1ndolo, vivido y elaborado, con sus tradiciones.<em> <\/em><\/p>\n","protected":false},"excerpt":{"rendered":"<p>En una regi\u00f3n donde, como en muchas partes del planeta, prevalece una inseguridad enraizada en su dif\u00edcil situaci\u00f3n social, el Evangelio exige mirar al otro sin sospecha.<\/p>\n","protected":false},"author":34,"featured_media":0,"comment_status":"open","ping_status":"open","sticky":false,"template":"","format":"standard","meta":{"give_campaign_id":0,"_seopress_robots_primary_cat":"","_seopress_titles_title":"","_seopress_titles_desc":"","_seopress_robots_index":"","_et_pb_use_builder":"","_et_pb_old_content":"","_et_gb_content_width":"","footnotes":""},"categories":[904],"tags":[],"class_list":["post-348306","post","type-post","status-publish","format-standard","hentry","category-focolare-worldwide-2-2"],"_links":{"self":[{"href":"https:\/\/www.focolare.org\/es\/wp-json\/wp\/v2\/posts\/348306","targetHints":{"allow":["GET"]}}],"collection":[{"href":"https:\/\/www.focolare.org\/es\/wp-json\/wp\/v2\/posts"}],"about":[{"href":"https:\/\/www.focolare.org\/es\/wp-json\/wp\/v2\/types\/post"}],"author":[{"embeddable":true,"href":"https:\/\/www.focolare.org\/es\/wp-json\/wp\/v2\/users\/34"}],"replies":[{"embeddable":true,"href":"https:\/\/www.focolare.org\/es\/wp-json\/wp\/v2\/comments?post=348306"}],"version-history":[{"count":0,"href":"https:\/\/www.focolare.org\/es\/wp-json\/wp\/v2\/posts\/348306\/revisions"}],"wp:attachment":[{"href":"https:\/\/www.focolare.org\/es\/wp-json\/wp\/v2\/media?parent=348306"}],"wp:term":[{"taxonomy":"category","embeddable":true,"href":"https:\/\/www.focolare.org\/es\/wp-json\/wp\/v2\/categories?post=348306"},{"taxonomy":"post_tag","embeddable":true,"href":"https:\/\/www.focolare.org\/es\/wp-json\/wp\/v2\/tags?post=348306"}],"curies":[{"name":"wp","href":"https:\/\/api.w.org\/{rel}","templated":true}]}}