{"id":348320,"date":"2012-03-27T03:43:05","date_gmt":"2012-03-27T01:43:05","guid":{"rendered":"https:\/\/www.focolare.org\/el-espectaculo-de-la-vida-el-gen-rosso-en-la-peninsula-iberica\/"},"modified":"2024-06-06T12:29:16","modified_gmt":"2024-06-06T10:29:16","slug":"el-espectaculo-de-la-vida-el-gen-rosso-en-la-peninsula-iberica","status":"publish","type":"post","link":"https:\/\/www.focolare.org\/es\/el-espectaculo-de-la-vida-el-gen-rosso-en-la-peninsula-iberica\/","title":{"rendered":"\u201c\u00a1El espect\u00e1culo de la vida!\u201d El Gen Rosso en la Pen\u00ednsula Ib\u00e9rica"},"content":{"rendered":"<p><img alt=\"\" alt=\"\" loading=\"lazy\" decoding=\"async\" class=\"alignright size-articolo_1 wp-image-59335\" style=\"border-style: initial;border-color: initial;border-width: 0px;margin: 10px\" src=\"https:\/\/www.focolare.org\/wp-content\/uploads\/2012\/03\/20120327-01-250x166.jpg\" alt=\"\" width=\"250\" height=\"166\" \/><strong>Treinta y cuatro d\u00edas, cinco ciudades, trece citas oficiales: <\/strong>algunos, como los talleres, desarrollados durante varios d\u00edas para involucrar a mejor y m\u00e1s concretamente a los j\u00f3venes en la preparaci\u00f3n de los espect\u00e1culos: despu\u00e9s, conociendo al <strong><a href=\"http:\/\/www.genrosso.com\">Gen Rosso<\/a><\/strong>, a estos se agregar\u00e1n seguramente momentos no programados oficialmente pero que construyen esas relaciones que hacen de cada tour un evento: la visita a algunas realidades especiales, el encuentro de car\u00e1cter familiar con los amigos y los fans de siempre, una mirada, un coloquio&#8230;  Del 19 de marzo al 22 de abril el Gen Rosso estar\u00e1 de <strong><a href=\"https:\/\/www.focolare.org\/es\/news\/2012\/03\/24\/gen-rosso-tournee-in-spagna-e-portogallo\/\">gira<\/a><\/strong> entre <strong><a href=\"https:\/\/www.focolare.org\/es\/focolare-worldwide\/europa\/spagna\/\">Espa\u00f1a<\/a><\/strong> y Portugal: y los n\u00fameros hacen esperar un buen resultado, a pesar de que pensar en m\u00fasica rock asociada a mensajes de paz, solidaridad, fraternidad o esperanza algunas veces puede parecer complicado.  Pero los estereotipos a menudo mueren solos y el Gen Rosso tuvo la prueba precisamente el 19 de marzo en el audit\u00f3rium \u201cEl Batel\u201d, inaugurado la semana anterior por la Reina Sof\u00eda.  <img alt=\"\" alt=\"\" loading=\"lazy\" decoding=\"async\" class=\"alignleft size-articolo_1 wp-image-59336\" style=\"border-style: initial;border-color: initial;border-width: 0px;margin: 10px\" src=\"https:\/\/www.focolare.org\/wp-content\/uploads\/2012\/03\/20120327-02-250x264.jpg\" alt=\"\" width=\"250\" height=\"264\" \/>Nos escribe <strong>Tomek<\/strong><strong> Mikusinski<\/strong>, del Gen Rosso: \u00abEs la primera vez que llevamos nuestro concierto <em>Dimensi\u00f3n Incre\u00edble <\/em>a <strong>Cartagena<\/strong>, en el sur de Espa\u00f1a. Es un espect\u00e1culo con el cual, a trav\u00e9s de la m\u00fasica rock, intentamos transmitir valores como la paz, la justicia social, el amor, la solidaridad y la pac\u00edfica convivencia entre grupos \u00e9tnicos y culturas\u00bb.  Entre las 900 personas presentes estaba tambi\u00e9n <strong><strong>Jos\u00e9 Manuel Lorca Planes<\/strong> <\/strong>quien no s\u00f3lo es un gran fan del Gen Rosso desde hace muchos a\u00f1os, sino que tambi\u00e9n es el obispo de Cartagena: <em>\u00abHan conjugado el lenguaje moderno con el inconfundible mensaje cristiano\u00bb <\/em>&#8211; declar\u00f3, haciendo entender que conoc\u00eda muy bien el repertorio art\u00edstico del grupo. Y despu\u00e9s, la infaltable cita con los j\u00f3venes y el <strong><a href=\"http:\/\/fortisenzaviolenza.it\/\">proyecto \u201cFuertes sin violencia\u201d,<\/a> <\/strong>que tuvo una edici\u00f3n en la ciudad con un taller y dos espect\u00e1culos de <em>Streetlight<\/em>, con m\u00e1s de 1000 participantes.  <img alt=\"\" alt=\"\" loading=\"lazy\" decoding=\"async\" class=\"alignright size-articolo_1 wp-image-59334\" style=\"border-style: initial;border-color: initial;border-width: 0px;margin: 10px\" src=\"https:\/\/www.focolare.org\/wp-content\/uploads\/2012\/03\/20120327-03-250x169.jpg\" alt=\"\" width=\"250\" height=\"169\" \/>Entre las tantas impresiones, la del periodista <strong>Alvaro Prian<\/strong> cuenta con detalle lo que sucedi\u00f3 en estos primeros cuatro d\u00edas en Cartagena:  <em>\u00a0\u00abEl espect\u00e1culo expresa la existencia de otro lenguaje sobre el que se basa el amor, la amistad y todas las experiencias positivas. Los miembros del grupo, aun teniendo proveniencias distintas, se entienden perfectamente con los estudiantes mediante el lenguaje de la mirada, de la sonrisa, pero sobre todo del coraz\u00f3n. Se descubre popo a poco, trabajando codo a codo durante cuatro d\u00edas de \u201ctalleres\u201d, con entusiasmo e inter\u00e9s. En cierta forma toda Cartagena ha vivido este hecho (&#8230;) todos nos hemos vuelto hermanos. Bastaron pocos d\u00edas para entender d\u00f3nde ca\u00edmos: \u00a1En un espect\u00e1culo de la vida!\u00bb<\/em>  <strong>Albacete, Tomares, Braga y Sevilla<\/strong> son las <strong><a href=\"https:\/\/www.focolare.org\/es\/news\/2012\/03\/24\/gen-rosso-tournee-in-spagna-e-portogallo\/\" target=\"_blank\" rel=\"noopener\">pr\u00f3ximas ciudades<\/a><\/strong> que esperan al Gen Rosso, con algunas citas que no hay que perder en escuelas, c\u00e1rceles de menores, con el infaltable aporte de los j\u00f3venes\u2026 de hoy y de ayer.<\/p>\n","protected":false},"excerpt":{"rendered":"<p>Un mes de gira entre Espa\u00f1a y Portugal: conciertos, talleres, encuentros, sorpresas.  Un espect\u00e1culo que va m\u00e1s all\u00e1 del escenario.<\/p>\n","protected":false},"author":34,"featured_media":0,"comment_status":"open","ping_status":"open","sticky":false,"template":"","format":"standard","meta":{"give_campaign_id":0,"_seopress_robots_primary_cat":"","_seopress_titles_title":"","_seopress_titles_desc":"","_seopress_robots_index":"","_et_pb_use_builder":"","_et_pb_old_content":"","_et_gb_content_width":"","footnotes":""},"categories":[904],"tags":[],"class_list":["post-348320","post","type-post","status-publish","format-standard","hentry","category-focolare-worldwide-2-2"],"_links":{"self":[{"href":"https:\/\/www.focolare.org\/es\/wp-json\/wp\/v2\/posts\/348320","targetHints":{"allow":["GET"]}}],"collection":[{"href":"https:\/\/www.focolare.org\/es\/wp-json\/wp\/v2\/posts"}],"about":[{"href":"https:\/\/www.focolare.org\/es\/wp-json\/wp\/v2\/types\/post"}],"author":[{"embeddable":true,"href":"https:\/\/www.focolare.org\/es\/wp-json\/wp\/v2\/users\/34"}],"replies":[{"embeddable":true,"href":"https:\/\/www.focolare.org\/es\/wp-json\/wp\/v2\/comments?post=348320"}],"version-history":[{"count":0,"href":"https:\/\/www.focolare.org\/es\/wp-json\/wp\/v2\/posts\/348320\/revisions"}],"wp:attachment":[{"href":"https:\/\/www.focolare.org\/es\/wp-json\/wp\/v2\/media?parent=348320"}],"wp:term":[{"taxonomy":"category","embeddable":true,"href":"https:\/\/www.focolare.org\/es\/wp-json\/wp\/v2\/categories?post=348320"},{"taxonomy":"post_tag","embeddable":true,"href":"https:\/\/www.focolare.org\/es\/wp-json\/wp\/v2\/tags?post=348320"}],"curies":[{"name":"wp","href":"https:\/\/api.w.org\/{rel}","templated":true}]}}