{"id":348354,"date":"2012-04-04T11:59:13","date_gmt":"2012-04-04T09:59:13","guid":{"rendered":"https:\/\/www.focolare.org\/la-brasa-bajo-la-ceniza\/"},"modified":"2024-06-06T12:29:23","modified_gmt":"2024-06-06T10:29:23","slug":"la-brasa-bajo-la-ceniza","status":"publish","type":"post","link":"https:\/\/www.focolare.org\/es\/la-brasa-bajo-la-ceniza\/","title":{"rendered":"La brasa bajo la ceniza"},"content":{"rendered":"<p><a href=\"https:\/\/www.focolare.org\/wp-content\/uploads\/2012\/04\/domingo-ighina.jpg\"><img alt=\"\" alt=\"\" loading=\"lazy\" decoding=\"async\" class=\"alignleft size-full wp-image-59985\" style=\"margin: 5px\" src=\"https:\/\/www.focolare.org\/wp-content\/uploads\/2012\/04\/domingo-ighina.jpg\" alt=\"\" width=\"133\" height=\"197\" \/><\/a>\u00a0<strong>Autor<\/strong>: Ighina Domingo  <em><strong>\u201cO inventamos o erramos\u201d<\/strong><\/em> dijo el tremendo maestro de Bol\u00edvar, Sim\u00f3n Rodr\u00edguez. Su mandato no era una apelaci\u00f3n vaga a despegarnos de las madejas dif\u00edciles de la colonia ib\u00e9rica sino m\u00e1s bien la constataci\u00f3n de la posibilidad de un futuro hasta ese momento in\u00e9dito en la historia moderna de la humanidad. Am\u00e9rica, como nunca otra regi\u00f3n del globo, recib\u00eda en su seno doloroso todas las tradiciones del hombre y esa era una riqueza nueva, tan nueva que necesitaba nuevas formas, nuevas palabras. Este libro quiere responder al imperativo de don Sim\u00f3n utilizando, quiz\u00e1s, uno de los conceptos m\u00e1s valiosos de ese Occidente tan contradictorio. La Fraternidad surge en los textos de los independentistas y discurre hasta nuestros d\u00edas como una novedad reinventada en Am\u00e9rica para dar respuesta a aquello que los otros s\u00f3lo vieron en estos suelos: la posibilidad de una humanidad en plenitud de justicia y libertad. Si el ideal de integraci\u00f3n continental es entendido a\u00fan hoy como la garant\u00eda, la utop\u00eda universal para Am\u00e9rica Latina, cabe explorar qu\u00e9 papel juega el principio de Fraternidad en esa construcci\u00f3n. Nuestra Am\u00e9rica, a pesar de su cambiante historia, siempre expres\u00f3 el deseo de la emancipaci\u00f3n de y con todos los oprimidos, y creemos que la idea de Fraternidad intenta constantemente reunir en la misma esperanzatodos los esfuerzos para dar realidad a la Patria Grande latinoamericana, nuestra forma de la utop\u00eda. Precisamente ese viaje de lo universal a lo latinoamericano y de ah\u00ed a la experiencia conflictiva y por eso fraternal de los pueblos constituye el objeto de este ensayo. Se trata de la \u201cinvenci\u00f3n\u201d de la Fraternidad, la recreaci\u00f3n hist\u00f3rica de un principio milenario de comunidad forjado desde hace dos milenios por los pobres de la tierra. La brasa bajo la ceniza. La Fraternidad en el pensamiento de la integraci\u00f3n latinoamericana contin\u00faa la serie de libros que desde 2009 intentan dar cuenta del principio pol\u00edtico olvidado por Occidente y que emerge renovado en nuestros tiempos. La Fraternidad, exigencia y perspectiva, ofrece entonces respuestas y caminos a los desaf\u00edos del siglo XXI.  <strong>Datos del autor:\u00a0<\/strong>  <strong>Domingo Ighina<\/strong> (1969) es licenciado y doctor en Letras Modernas por la Universidad Nacional de C\u00f3rdoba. Profesor por concurso en la c\u00e1tedra de Pensamiento Latinoamericano de la Facultad de Filosof\u00eda y Humanidades. Investigador del Centro de Investigaciones \u201cMar\u00eda Saleme de Bournichon\u201d de esa Universidad. Docente de posgrado en universidades de Argentina, Brasil y Espa\u00f1a. Sus \u00e1reas de trabajo son el nacionalismo argentino y el ensayo del Cono Sur, y la cultura popular desde una perspectiva geocultural y descolonial. Entre sus \u00faltimos trabajos mencionamos: <em>Ver con los ojos cerrados. Crisis de las ontolog\u00edas nacionales criollas, geocultura y fagocitaci\u00f3n<\/em> (2010) y <em>Las apuestas epistemol\u00f3gicas del ensayismo militante<\/em> (2010). Desde 1992 codirige el Grupo de Estudios Literarios del Cono Sur. Es miembro del Comit\u00e9 Editorial de <em>Silabario. Revista de estudios y ensayos geoculturales<\/em> desde 1998. Participa en la <a title=\"RUEF\" href=\"http:\/\/www.ruef.cl\" target=\"_blank\" rel=\"noopener\">RUEF <\/a>desde sus comienzos y ha editado trabajos sobre Fraternidad y Pensamiento Latinoamericano en el marco de los Seminarios Internacionales sobre Fraternidad.  <a title=\"Grupo Editorial Ciudad Nueva\" href=\"http:\/\/www.ciudadnueva.org.ar\" target=\"_blank\" rel=\"noopener\"><strong>Editorial Ciudad Nueva<\/strong><\/a> &#8211; Argentina<\/p>\n","protected":false},"excerpt":{"rendered":"<p>La fraternidad en el pensamiento de la integraci\u00f3n latinoamericana. Un recorrido.<\/p>\n","protected":false},"author":1,"featured_media":0,"comment_status":"open","ping_status":"open","sticky":false,"template":"","format":"standard","meta":{"give_campaign_id":0,"_seopress_robots_primary_cat":"","_seopress_titles_title":"","_seopress_titles_desc":"","_seopress_robots_index":"","_et_pb_use_builder":"","_et_pb_old_content":"","_et_gb_content_width":"","footnotes":""},"categories":[46],"tags":[],"class_list":["post-348354","post","type-post","status-publish","format-standard","hentry","category-sin-categorizar"],"_links":{"self":[{"href":"https:\/\/www.focolare.org\/es\/wp-json\/wp\/v2\/posts\/348354","targetHints":{"allow":["GET"]}}],"collection":[{"href":"https:\/\/www.focolare.org\/es\/wp-json\/wp\/v2\/posts"}],"about":[{"href":"https:\/\/www.focolare.org\/es\/wp-json\/wp\/v2\/types\/post"}],"author":[{"embeddable":true,"href":"https:\/\/www.focolare.org\/es\/wp-json\/wp\/v2\/users\/1"}],"replies":[{"embeddable":true,"href":"https:\/\/www.focolare.org\/es\/wp-json\/wp\/v2\/comments?post=348354"}],"version-history":[{"count":0,"href":"https:\/\/www.focolare.org\/es\/wp-json\/wp\/v2\/posts\/348354\/revisions"}],"wp:attachment":[{"href":"https:\/\/www.focolare.org\/es\/wp-json\/wp\/v2\/media?parent=348354"}],"wp:term":[{"taxonomy":"category","embeddable":true,"href":"https:\/\/www.focolare.org\/es\/wp-json\/wp\/v2\/categories?post=348354"},{"taxonomy":"post_tag","embeddable":true,"href":"https:\/\/www.focolare.org\/es\/wp-json\/wp\/v2\/tags?post=348354"}],"curies":[{"name":"wp","href":"https:\/\/api.w.org\/{rel}","templated":true}]}}