{"id":348444,"date":"2012-04-29T03:00:30","date_gmt":"2012-04-29T01:00:30","guid":{"rendered":"https:\/\/www.focolare.org\/alemania-los-fundamentos-de-europa\/"},"modified":"2024-06-06T12:29:42","modified_gmt":"2024-06-06T10:29:42","slug":"alemania-los-fundamentos-de-europa","status":"publish","type":"post","link":"https:\/\/www.focolare.org\/es\/alemania-los-fundamentos-de-europa\/","title":{"rendered":"Alemania \u2013 los fundamentos de Europa"},"content":{"rendered":"<div id=\"attachment_62286\" style=\"width: 394px\" class=\"wp-caption alignleft\"><a href=\"https:\/\/www.focolare.org\/wp-content\/uploads\/2012\/04\/20120428-021.jpg\"><img alt=\"\" alt=\"\" loading=\"lazy\" decoding=\"async\" aria-describedby=\"caption-attachment-62286\" class=\"wp-image-62286  \" style=\"margin-right: 10px;border: 0pt\" src=\"https:\/\/www.focolare.org\/wp-content\/uploads\/2012\/04\/20120428-021.jpg\" alt=\"\" width=\"384\" height=\"258\" \/><\/a><p id=\"caption-attachment-62286\" class=\"wp-caption-text\">10 novembre 1989: il giorno dopo la caduta del muro<\/p><\/div>\n<p><strong>Hoy d\u00eda, despu\u00e9s de su reunificaci\u00f3n en 1990, <\/strong>Alemania, con m\u00e1s de 81 millones de habitantes, es el pa\u00eds m\u00e1s poblado de la <strong><a href=\"http:\/\/europa.eu\/index_it.htm\">Uni\u00f3n Europea<\/a><\/strong>, de la que es una de las naciones fundadoras. En relaci\u00f3n con el producto bruto nacional, la econom\u00eda alemana es considerada una de las m\u00e1s fuertes del mundo; despu\u00e9s de la Segunda Guerra Mundial ha desarrollado una s\u00f3lida democracia parlamentaria.<\/p>\n<p>El dram\u00e1tico pasado de la dictadura nazista y la divisi\u00f3n del pa\u00eds entre Este y Oesteque dur\u00f3 40 a\u00f1os, han marcado profundamente al pueblo alem\u00e1n. Siendo uno de los pa\u00edses de la Reforma, con una fuerte presencia de protestantes, junto a la Iglesia Cat\u00f3lica y a la Iglesia Ortodoxa, ha vivido el dolor de la divisi\u00f3n de las Iglesias. Al mismo tiempo est\u00e1 descubriendo las riquezas encerradas en las distintas iglesias y ve perfilarse un testimonio m\u00e1s incisivo de la vida cristiana en la sociedad.<\/p>\n<p><strong>Son m\u00e1s de 30.000 las personas que se consideran amigas del <a href=\"https:\/\/www.focolare.org\/es\/movimento-dei-focolari\/\">Movimiento de los Focolares <\/a>en Alemania,<\/strong> de ellas, alrededor de 5000 \u2013entre adultos, j\u00f3venes y ni\u00f1os- participan regulamente en grupos de famiias, de j\u00f3venes o ligados a intereses y argumentos espec\u00edficos. El primer contacto con Alemania se remonta a 1955. Poco tiempo despu\u00e9s, el obispo cat\u00f3lico de Mei\u00dfen, <strong>Mons. Otto Sp\u00fclbeck<\/strong> y el <strong>cardenal Alfred Bengsch<\/strong> de Berl\u00edn, pidieron a la fundadora de los Focolares, <strong><a href=\"https:\/\/www.focolare.org\/es\/chiara-lubich\/chi-e-chiara\/\">Chiara Lubich<\/a><\/strong>, que mandara focolarinos tambi\u00e9n a Alemania del Este. La carencia de m\u00e9dicos en la DDR facilitaba el ingreso de extranjeros con conocimientos en el campo m\u00e9dico y fue as\u00ed como ocho focolarinos m\u00e9dicos, alemanes e italianos, llegaron a Berl\u00edn y a Lipsia. Con ellos estaba tambi\u00e9n<span style=\"color: #800080\"> <strong><a href=\"https:\/\/www.focolare.org\/es\/news\/2011\/04\/01\/natalia-dallapiccola-da-trento-al-cielo-sempre-la-prima-a-seguire-chiara\/\"><span style=\"color: #800080\">Natalia Dallapiccola<\/span><\/a><\/strong>,<\/span> una focolarina que hab\u00eda estado con Chiara Lubich desde los inicios de los Focolares en Trento. A partir de aqu\u00ed la espiritualidad del Movimiento de los Focolares se difundi\u00f3 tambi\u00e9n a otros pa\u00edses de bloque oriental, sobre todo en Polonia, Checoslovaquia y Hungr\u00eda.<\/p>\n<p>En la patria de la Reforma, tambi\u00e9n para el Movimiento de los Focolares, el <span style=\"color: #800080\"><strong><a href=\"https:\/\/www.focolare.org\/es\/in-dialogo\/chiese-cristiane\/\"><span style=\"color: #800080\">di\u00e1logo ecum\u00e9nico<\/span><\/a><\/strong><\/span> tiene una importancia primordial. Una caracter\u00edstica de los Focolares en Alemania, es que desde un inicio tuvieron lugar encuentros tambi\u00e9n con cristianos evang\u00e9licos (las <em>fraternidades<\/em>, las hermanas de Mar\u00eda en Darmstadt). En los a\u00f1os \u00b460 tuvieron lugar numerosos encuentros con personalidades y pertenecientes a distintas Iglesias. Desde entonces y hasta hoy, cristianos de diversas Iglesias encuentran inspiraci\u00f3n para sus vidas, y la motivaci\u00f3n para promover y profundizar la unidad entre los cristianos.<\/p>\n<p><img alt=\"\" alt=\"\" loading=\"lazy\" decoding=\"async\" class=\"wp-image-62281 alignright\" style=\"margin-left: 10px;border: 0pt\" src=\"https:\/\/www.focolare.org\/wp-content\/uploads\/2012\/04\/20120428-011.jpg\" alt=\"\" width=\"368\" height=\"258\" \/>A partir de estas relaciones personales entre cristianos de distintas Iglesias se han desarrollado iniciativas comunes y intensos itinerarios comunitarios. Entre estos el <strong><a href=\"http:\/\/www.ottmaring.org\/\">Centro de Vida Ecum\u00e9nica de Ottmaring<\/a><\/strong>, en las cercan\u00edas de Augsburg. Sus fundadores y conductores son miembros de la Fraternidad de vida com\u00fan y del Movimiento de los Focolares. Ottmaring se ha convertido as\u00ed en una de las \u201cciudadelas\u201d de los Focolares, con un fuerte tiembre ecum\u00e9nico. En ella \u2013construida con la bendici\u00f3n de la respectivas autoridades eclesiales- viven establemente alrededor de 120 personas comprometidas o unidas a ella en formas distintas.<\/p>\n<p>En los meses de verano, j\u00f3venes europeosdando lugar, con su entusiasmo, tambi\u00e9n a manifestaciones como la\u00a0 <span style=\"color: #800080\"><strong><a href=\"http:\/\/www.geeintewelt.de\/index.php?id=50\" target=\"_blank\" rel=\"noopener\"><span style=\"color: #800080\">Jugend Woche<\/span><\/a><\/strong>.<\/span><\/p>\n<p>A partir de la experiencia ecum\u00e9nica, en 1999, tiene inicio en Ottmaring la iniciativa <span style=\"color: #800080\">\u201c<strong><a href=\"http:\/\/www.together4europe.org\" target=\"_blank\" rel=\"noopener\"><span style=\"color: #800080\">Juntos por Europa<\/span><\/a><\/strong>\u201d<\/span>, una red de m\u00e1s de 300 Movimientos y comunidades de cristianos evang\u00e9licos, cat\u00f3licos, ortodoxos, anglicanos y de las iglesias libres.<\/p>\n<p>Hay otros centros de encuentro del Movimiento de los Focolares est\u00e1n en <strong>Solingen<\/strong> y <strong>Zwochau<\/strong>.<\/p>\n<p>Un \u00e1mbito de trabajo de los pertenecientes al Movimiento de los Focolares, lo representa el\u00a0<span style=\"color: #800080\"><strong><a href=\"https:\/\/www.focolare.org\/it\/in-dialogo\/grandi-religioni\/\"><span style=\"color: #800080\">di\u00e1logo con creyentes de otras religiones<\/span><\/a><\/strong> y <strong><a href=\"https:\/\/www.focolare.org\/it\/in-dialogo\/persone-di-convinzioni-non-religiose\/\"><span style=\"color: #800080\">con personas que no profesan una religi\u00f3n<\/span><\/a><\/strong>. Una plataforma com\u00fan para la realizaci\u00f3n de este di\u00e1logo se encuentra en el esfuerzo com\u00fan a favor de la paz, la justicia y las iniciativas sociales.<\/span><\/p>\n<p>En la historia de los Focolares otras personas \u2013junto a Chiara Lubich- dieron un aporte importante al desarrollo del Movimiento. Una de esas figuras es <span style=\"color: #800080\"><strong><a href=\"https:\/\/www.focolare.org\/es\/movimento-dei-focolari\/scelte-e-impegno\/vescovi\/\"><span style=\"color: #800080\">el obispo alem\u00e1n de Aquisgrana Klaus Hemmerle<\/span><\/a><\/strong> <span style=\"color: #000000\">(1929-1994).<\/span><\/span><\/p>\n<p>\u00c9l dio un empuje decisivo al desarrollo de una teolog\u00eda que surge del carisma de Chiara Lubich y form\u00f3 parte regularmente de los encuentros del centro de estudios interdisciplinarios denominado \u201c<span style=\"color: #800080\"><strong><a href=\"https:\/\/www.focolare.org\/es\/all-opera\/studio-e-formazione\/scuola-abba\/\"><span style=\"color: #800080\">Escuela Abba<\/span><\/a><\/strong>\u201d.<\/span> Adem\u00e1s dio vida a un itinerario espiritual ecum\u00e9nico con obispos de varias nacionalidades e Iglesias, que se inspiran en la espiritualidad de la unidad.<\/p>\n<p>Con ocasi\u00f3n del d\u00e9cimo aniversario de la muerte de Klaus Hemmerle el Movimiento de los Focolares en Alemania instituy\u00f3 un premio, que se otorga cada dos a\u00f1os a personas que se han distinguido por ser \u201cconstructoras de puentes\u201d seg\u00fan el esp\u00edritu del obispo de Aquisgrana y que se han comprometido en el di\u00e1logo entre las Iglesias, religiones y distintas convicciones, (entre los premiados est\u00e1 el Patriarca Bartolom\u00e9 I).<\/p>\n","protected":false},"excerpt":{"rendered":"<p>En la patria de la Reforma, el di\u00e1logo ecum\u00e9nico en para los Focolares una meta siempre actual.<\/p>\n","protected":false},"author":34,"featured_media":0,"comment_status":"open","ping_status":"open","sticky":false,"template":"","format":"standard","meta":{"give_campaign_id":0,"_seopress_robots_primary_cat":"","_seopress_titles_title":"","_seopress_titles_desc":"","_seopress_robots_index":"","_et_pb_use_builder":"","_et_pb_old_content":"","_et_gb_content_width":"","footnotes":""},"categories":[904],"tags":[],"class_list":["post-348444","post","type-post","status-publish","format-standard","hentry","category-focolare-worldwide-2-2"],"_links":{"self":[{"href":"https:\/\/www.focolare.org\/es\/wp-json\/wp\/v2\/posts\/348444","targetHints":{"allow":["GET"]}}],"collection":[{"href":"https:\/\/www.focolare.org\/es\/wp-json\/wp\/v2\/posts"}],"about":[{"href":"https:\/\/www.focolare.org\/es\/wp-json\/wp\/v2\/types\/post"}],"author":[{"embeddable":true,"href":"https:\/\/www.focolare.org\/es\/wp-json\/wp\/v2\/users\/34"}],"replies":[{"embeddable":true,"href":"https:\/\/www.focolare.org\/es\/wp-json\/wp\/v2\/comments?post=348444"}],"version-history":[{"count":0,"href":"https:\/\/www.focolare.org\/es\/wp-json\/wp\/v2\/posts\/348444\/revisions"}],"wp:attachment":[{"href":"https:\/\/www.focolare.org\/es\/wp-json\/wp\/v2\/media?parent=348444"}],"wp:term":[{"taxonomy":"category","embeddable":true,"href":"https:\/\/www.focolare.org\/es\/wp-json\/wp\/v2\/categories?post=348444"},{"taxonomy":"post_tag","embeddable":true,"href":"https:\/\/www.focolare.org\/es\/wp-json\/wp\/v2\/tags?post=348444"}],"curies":[{"name":"wp","href":"https:\/\/api.w.org\/{rel}","templated":true}]}}