{"id":348470,"date":"2012-05-10T03:30:49","date_gmt":"2012-05-10T01:30:49","guid":{"rendered":"https:\/\/www.focolare.org\/nueva-york-focolares-y-mezquita-malcom-x-en-un-camino-de-fraternidad\/"},"modified":"2024-06-06T12:29:47","modified_gmt":"2024-06-06T10:29:47","slug":"nueva-york-focolares-y-mezquita-malcom-x-en-un-camino-de-fraternidad","status":"publish","type":"post","link":"https:\/\/www.focolare.org\/es\/nueva-york-focolares-y-mezquita-malcom-x-en-un-camino-de-fraternidad\/","title":{"rendered":"Nueva York, Focolares y Mezquita Malcom X en un camino de fraternidad"},"content":{"rendered":"<div id=\"attachment_63221\" style=\"width: 571px\" class=\"wp-caption alignnone\"><img alt=\"\" alt=\"\" loading=\"lazy\" decoding=\"async\" aria-describedby=\"caption-attachment-63221\" class=\"size-full wp-image-63221   \" style=\"margin-bottom: 10px;border: 0pt\" src=\"https:\/\/www.focolare.org\/wp-content\/uploads\/2012\/05\/20120509-02.jpg\" alt=\"\" width=\"561\" height=\"196\" \/><p id=\"caption-attachment-63221\" class=\"wp-caption-text\">Serenella Silvi junto a Chiara Lubich a la salida de la mezquita el 18 de mayo de 1997<\/p><\/div>\n<p><strong>\u00abUn momento luminoso en la relaci\u00f3n entre cristianos y musulmanes\u00bb.<\/strong> As\u00ed titula un <strong><a href=\"https:\/\/www.focolare.org\/wp-content\/uploads\/2012\/04\/Amsterdam-News-4-12-12.pdf\" target=\"_blank\" rel=\"noopener\">peri\u00f3dico neoyorkino<\/a><\/strong> la noticia de lo que suceder\u00e1 en Nueva York el pr\u00f3ximo 20 de mayo, en la mezquita de Malcom Shabbaz, con el evento \u201c<em><strong><em><a href=\"https:\/\/www.focolare.org\/it\/news\/2012\/04\/18\/new-york-our-journey-towards-the-excellence-of-the-human-family\/\">Our Journey Towards the Excellence of the Human Fami<\/a><a href=\"https:\/\/www.focolare.org\/it\/news\/2012\/04\/18\/new-york-our-journey-towards-the-excellence-of-the-human-family\/\">l<\/a><a href=\"https:\/\/www.focolare.org\/it\/news\/2012\/04\/18\/new-york-our-journey-towards-the-excellence-of-the-human-family\/\">y<\/a><\/em><\/strong>\u201d<\/em>. Es el recuerdo de ese pacto sin precedentes estrechado entre dos l\u00edderes: el <strong><a href=\"https:\/\/www.focolare.org\/es\/news\/2008\/10\/10\/lultimo-saluto-allimam-della-pace-w-d-mohammed\/\" target=\"_blank\" rel=\"noopener\">Imam W.D. Mohammed<\/a><\/strong> y<strong> <a href=\"https:\/\/www.focolare.org\/es\/chiara-lubich\/chi-e-chiara\/\">Chiara Lubich<\/a><\/strong>, de trabajar juntos para la realizaci\u00f3n de la fraternidad en la familia humana. Profundizamos cuanto sucedi\u00f3 entonces, a trav\u00e9s del relato de Serenella Silvi, testigo directa de esos eventos.<\/p>\n<p><strong>\u00a0Ese d\u00eda en Harlem, junto a Chiara. \u00ab18 de mayo de 1997.<\/strong> El recuerdo de ese d\u00eda permanecer\u00e1 para siempre en mi alma. Estaba al lado de Chiara cuando juntas atravesamos el ingreso de la Mezquita Malcolm Shabazz, ambas con la cabeza cubierta con un chador. Hab\u00eda una gran multitud. Chiara se hab\u00eda preparado con gran seriedad. Sent\u00eda que est\u00e1bamos por vivir un momento muy importante. Entrando se percib\u00eda una atm\u00f3sfera incre\u00edble, despu\u00e9s durante su discurso era como si estuviera habl\u00e1ndole a un grupo de personas que conoc\u00eda desde hac\u00eda a\u00f1os.<\/p>\n<p>Al terminar el programa, est\u00e1bamos saliendo juntas, cuando repentinamente me tom\u00f3 bajo el brazo. <em>\u201cVen\u201d,<\/em> dijo, <em>\u201cnecesito que me traduzcas\u201d. <\/em>La segu\u00ed hasta la oficina del Im\u00e1n Izak-El M. Pasha, donde acababa de entrar tambi\u00e9n el Im\u00e1n W.D. Mohammed. \u201c<em>Im\u00e1n Mohammed<\/em>\u201d, dijo Chiara, \u201c<strong><em>hagamos un pacto en el nombre del \u00fanico Dios, de trabajar asiduamente por la paz y la unidad<\/em>\u201d.<\/strong> La respuesta del Im\u00e1n Mohammed fue inmediata. \u201c<strong><em>Este pacto queda sellado para siempre\u201d <\/em><\/strong>dijo. <strong><em>\u201cDios sea mi testigo que tu eres mi hermana. Yo soy tu amigo y siempre te ayudar\u00e9\u201d. <\/em><\/strong>Fue un momento muy fuerte. Eran dos grandes l\u00edderes que estaban respondiendo a un llamado de Dios, el de dar vida a un mundo de paz y de amor y hab\u00edan comprendido que, trabajando juntos, habr\u00edan contribuido a hacerlo realidad.<\/p>\n<p><strong>El Im\u00e1n Mohammed y Chiara Lubich proven\u00edan de dos culturas <\/strong>y de dos religiones muy distintas entre ellas. Se conoc\u00edan rec\u00edprocamente, pero ese d\u00eda se encontraron personalmente por primera vez. Al invitar a Chiara, el Im\u00e1n hab\u00eda demostrado una gran confianza, seguro de que ella habr\u00eda tenido la capacidad de ayudar a su gente. Saliendo de la habitaci\u00f3n, intent\u00e9 acompa\u00f1ar a Chiara al peque\u00f1o ascensor que pod\u00eda conducirnos a la salida del tercer piso de la mezquita donde nos encontr\u00e1bamos. Pero Chiara se neg\u00f3. <em>\u201cD\u00e9jame caminar entre estar personas\u201d, <\/em>dijo. Ya amaba a quienes segu\u00edan al Im\u00e1n W.D.<\/p>\n<p>Algunos de nosotros, \u00edbamos en el carro con ella, comentando ese evento extraordinario cuando, de repente Chiara pidi\u00f3 papel y l\u00e1piz. Quer\u00eda escribirle al Movimiento de los Focolares en el mundo que ese d\u00eda hab\u00eda sucedido algo importante. Estaba buscando las palabras apropiadas, cuando vinieron a su mente algunas expresiones de los Gen 3, los j\u00f3venes del Movimiento, usadas para describir un congreso reciente: <em>\u201c\u00a1Ha sido super\u2026 ha sido mega!\u201d.<\/em><\/p>\n<p>El Im\u00e1n Pasha hab\u00eda preparado el ambiente con mucho esmero y seguidamente sigui\u00f3 manteniendo viva, en su comunidad, la realidad vivida.<\/p>\n<p>A partir de ese d\u00eda, cada vez que visitaba la Mezquita, ten\u00eda la impresi\u00f3n de que cualquier persona que encontrara por el camino sab\u00eda de Chiara, lo que hab\u00eda sucedido y que nos reconoc\u00edan como sus seguidores. Siempre nos preguntaban, c\u00f3mo estaba, qu\u00e9 estaba haciendo, d\u00f3nde ten\u00eda que viajar.<\/p>\n<p>\u00a1Un momento de Dios! Es m\u00e1s, \u00a1un gran momento de Dios! No sucede todos los d\u00edas, y siento que tenemos que hacer todo lo posible para que contin\u00fae mediante nuestra vida, para llevar adelante los frutos de unidad que este encuentro gener\u00f3.<\/p>\n<p>De Sharry Silvi<\/p>\n<p><em>Fue editora de la revista estadounidense Living City, Sharry Silvi era la corresponsable del Movimiento de los Focolares en la regi\u00f3n de la Costa Oriental de los Estados Unidos en 1997.<\/em><\/p>\n<p><em>\u00a0<\/em><\/p>\n<p><em>\u00a0<\/em><\/p>\n","protected":false},"excerpt":{"rendered":"<p>To commemorate the meeting which took place 15 years ago between Imam W.D. Mohammed and Chiara Lubich  the event entitled \u201cOur Journey Towards the Excellence of the Human Family\u201d will be held in New York on 20th May. Sharry Silvi, who was present at that historic meeting, shares her account of what happened.<\/p>\n","protected":false},"author":34,"featured_media":0,"comment_status":"open","ping_status":"open","sticky":false,"template":"","format":"standard","meta":{"give_campaign_id":0,"_seopress_robots_primary_cat":"","_seopress_titles_title":"","_seopress_titles_desc":"","_seopress_robots_index":"","_et_pb_use_builder":"","_et_pb_old_content":"","_et_gb_content_width":"","footnotes":""},"categories":[904],"tags":[],"class_list":["post-348470","post","type-post","status-publish","format-standard","hentry","category-focolare-worldwide-2-2"],"_links":{"self":[{"href":"https:\/\/www.focolare.org\/es\/wp-json\/wp\/v2\/posts\/348470","targetHints":{"allow":["GET"]}}],"collection":[{"href":"https:\/\/www.focolare.org\/es\/wp-json\/wp\/v2\/posts"}],"about":[{"href":"https:\/\/www.focolare.org\/es\/wp-json\/wp\/v2\/types\/post"}],"author":[{"embeddable":true,"href":"https:\/\/www.focolare.org\/es\/wp-json\/wp\/v2\/users\/34"}],"replies":[{"embeddable":true,"href":"https:\/\/www.focolare.org\/es\/wp-json\/wp\/v2\/comments?post=348470"}],"version-history":[{"count":0,"href":"https:\/\/www.focolare.org\/es\/wp-json\/wp\/v2\/posts\/348470\/revisions"}],"wp:attachment":[{"href":"https:\/\/www.focolare.org\/es\/wp-json\/wp\/v2\/media?parent=348470"}],"wp:term":[{"taxonomy":"category","embeddable":true,"href":"https:\/\/www.focolare.org\/es\/wp-json\/wp\/v2\/categories?post=348470"},{"taxonomy":"post_tag","embeddable":true,"href":"https:\/\/www.focolare.org\/es\/wp-json\/wp\/v2\/tags?post=348470"}],"curies":[{"name":"wp","href":"https:\/\/api.w.org\/{rel}","templated":true}]}}