{"id":348526,"date":"2012-05-31T06:46:44","date_gmt":"2012-05-31T04:46:44","guid":{"rendered":"https:\/\/www.focolare.org\/mujeres-iglesia-mundo-si-la-guia-es-femenina\/"},"modified":"2024-06-06T12:29:58","modified_gmt":"2024-06-06T10:29:58","slug":"mujeres-iglesia-mundo-si-la-guia-es-femenina","status":"publish","type":"post","link":"https:\/\/www.focolare.org\/es\/mujeres-iglesia-mundo-si-la-guia-es-femenina\/","title":{"rendered":"Mujeres iglesia mundo: si la gu\u00eda es femenina"},"content":{"rendered":"<p>Publicamos las primeras l\u00edneas de la entrevista a Mar\u00eda Voce, a cargo de Lucetta Scaraffia. Pronnto estar\u00e1 disponible la traducci\u00f3n integral.  <img alt=\"\" alt=\"\" loading=\"lazy\" decoding=\"async\" class=\"alignright size-full wp-image-64898\" style=\"margin-left: 10px;border: 0pt\" src=\"https:\/\/www.focolare.org\/wp-content\/uploads\/2012\/05\/MariaVoce1.jpg\" alt=\"\" width=\"279\" height=\"237\" \/> <\/p>\n<ul>\n<li>\u00a0\u00ab<em>Quer\u00edamos que el nuevo encarte dedicado a las mujeres de \u00abL\u2019Osservatore Romano\u00bb saliera con su entrevista: usted es la \u00fanica mujer que preside un Movimiento de tanta importancia. <\/em><em>\u00bfEsta singularidad le pesa en sus contactos con la jerarqu\u00eda eclesi\u00e1stica?<\/em><\/li>\n<\/ul>\n<p> <strong>\u00a0No me pesa, pero es una peculiaridad que cada vez m\u00e1s la reconocen el Papa, <\/strong>los cardenales, los obispos, seg\u00fan el significado original expresado por Juan Pablo II: ser signo y garant\u00eda del perfil mariano que expresa el primado del amor sobrenatural, de la santidad, y que es co-esencial al perfil apost\u00f3lico-petrino. Ambas dimensiones concurren, dijo Wojty\u0142a, \u00aba hacer presente el Misterio de Cristo y su obra salv\u00edfica en el mundo\u00bb. No fue as\u00ed las primeras dos d\u00e9cadas de nuestra historia: \u00a1la novedad era tal! Detr\u00e1s hay un largo itineraario no excento de sufrimiento. (\u2026) <\/p>\n<ul>\n<li>\u00a0<em>La Iglesia en estos \u00faltimos a\u00f1os ha tenido que superar momentos de gran dificultad. \u00bfCree que un nuevo papel y la presencia de las mujeres facilitar\u00eda su superaci\u00f3n?<\/em><\/li>\n<\/ul>\n<p> <strong>Es dif\u00edcil decirlo. Yo dir\u00eda que hay que mirar al hoy, <\/strong>cuando una profunda crisis\u00a0 atraviesa no s\u00f3lo la Iglesia, sino toda la humanidad. Si, como repite el Papa, en la ra\u00edz de la crisis hay una crisis de fe, la mujer, all\u00ed donde se encuentre tiene una vocaci\u00f3n espec\u00edfica ser portadora de Dios, de ese amor sobrenatural que tiene el valor m\u00e1s grande y eficaz para renovar la Iglesia y la sociedad.  <em>de Lucetta Scaraffia <\/em>  <em>\u00a0<\/em>  &#8211;<a href=\"https:\/\/www.focolare.org\/wp-content\/uploads\/2012\/05\/20120531_LOsservatoreRomano_ES1.pdf\">Lee la entrevista integral <\/a><\/p>\n","protected":false},"excerpt":{"rendered":"<p>Adelanto de la entrevista a la presidente de los Focolares, Mar\u00eda Voce, sobre el nuevo encarte mensual del Osservatore Romano dedicado a las mujeres.<\/p>\n","protected":false},"author":34,"featured_media":0,"comment_status":"open","ping_status":"open","sticky":false,"template":"","format":"standard","meta":{"give_campaign_id":0,"_seopress_robots_primary_cat":"","_seopress_titles_title":"","_seopress_titles_desc":"","_seopress_robots_index":"","_et_pb_use_builder":"","_et_pb_old_content":"","_et_gb_content_width":"","footnotes":""},"categories":[46],"tags":[],"class_list":["post-348526","post","type-post","status-publish","format-standard","hentry","category-sin-categorizar"],"_links":{"self":[{"href":"https:\/\/www.focolare.org\/es\/wp-json\/wp\/v2\/posts\/348526","targetHints":{"allow":["GET"]}}],"collection":[{"href":"https:\/\/www.focolare.org\/es\/wp-json\/wp\/v2\/posts"}],"about":[{"href":"https:\/\/www.focolare.org\/es\/wp-json\/wp\/v2\/types\/post"}],"author":[{"embeddable":true,"href":"https:\/\/www.focolare.org\/es\/wp-json\/wp\/v2\/users\/34"}],"replies":[{"embeddable":true,"href":"https:\/\/www.focolare.org\/es\/wp-json\/wp\/v2\/comments?post=348526"}],"version-history":[{"count":0,"href":"https:\/\/www.focolare.org\/es\/wp-json\/wp\/v2\/posts\/348526\/revisions"}],"wp:attachment":[{"href":"https:\/\/www.focolare.org\/es\/wp-json\/wp\/v2\/media?parent=348526"}],"wp:term":[{"taxonomy":"category","embeddable":true,"href":"https:\/\/www.focolare.org\/es\/wp-json\/wp\/v2\/categories?post=348526"},{"taxonomy":"post_tag","embeddable":true,"href":"https:\/\/www.focolare.org\/es\/wp-json\/wp\/v2\/tags?post=348526"}],"curies":[{"name":"wp","href":"https:\/\/api.w.org\/{rel}","templated":true}]}}