{"id":348532,"date":"2012-06-02T10:30:44","date_gmt":"2012-06-02T08:30:44","guid":{"rendered":"https:\/\/www.focolare.org\/milan-2012-saludo-de-maria-voce-encuentro-de-las-familias\/"},"modified":"2024-06-06T12:29:59","modified_gmt":"2024-06-06T10:29:59","slug":"milan-2012-saludo-de-maria-voce-encuentro-de-las-familias","status":"publish","type":"post","link":"https:\/\/www.focolare.org\/es\/milan-2012-saludo-de-maria-voce-encuentro-de-las-familias\/","title":{"rendered":"Mil\u00e1n 2012: Saludo de Maria Voce &#8211; encuentro de las familias"},"content":{"rendered":"<p><img alt=\"\" alt=\"\" loading=\"lazy\" decoding=\"async\" class=\"alignleft size-full wp-image-65097\" style=\"margin-right: 10px;border: 0pt\" src=\"https:\/\/www.focolare.org\/wp-content\/uploads\/2012\/06\/20120601-011.jpg\" alt=\"\" width=\"257\" height=\"180\" \/>S\u00e1bado en la ma\u00f1ana, 2 de junio. Sesto San Giovanni (Mil\u00e1n) acoge a 4.000 personas provenientes de Lombard\u00eda y de zonas lim\u00edtrofes, son familias adherentes al <strong><a href=\"https:\/\/www.focolare.org\/es\/movimento-dei-focolari\/\">Movimiento de los Focolares<\/a> <\/strong>que participan activamente en el encuentro mundial. Entre la participaci\u00f3n de la presidente Mar\u00eda Voce y del copresidente Giancarlo Faletti.<\/p>\n<p>\u00abEs estos d\u00edas, en los que nos concentramos en la realidad de la familia \u2013 dijo Mar\u00eda Voce en su discurso &#8211;\u00a0 surge la pregunta: \u00bfCu\u00e1l es el designio de Dios sobre ella?\u00bb. Responde citando a <strong><a href=\"https:\/\/www.focolare.org\/es\/chiara-lubich\/\">Chiara Lubich<\/a> <\/strong>en el Familyfest del \u201981 en Roma: \u00abDios ha creado, ha plasmado una familia. Cuando se encarn\u00f3, se rode\u00f3 de una familia. Cuando Jes\u00fas empez\u00f3 su misi\u00f3n y manifest\u00f3 su gloria, se estaba festejando a una familia\u00bb.<\/p>\n<p>Haciendo referencia al tema de Mil\u00e1n 2021: <em><a href=\"http:\/\/www.family2012.com\/it\/\"><strong>El trabajo y la fiesta de la vida de la familia<\/strong><\/a>, <\/em>subray\u00f3 la importancia del trabajo para su fundaci\u00f3n y subsistencia.<\/p>\n<p>\u00abA su vez \u2013afirm\u00f3 la presidente-, la familia es importante para el trabajo. Por la educaci\u00f3n a la laboriosidad y a los valores t\u00edpicos que la familia conlleva, por el esp\u00edritu de cooperaci\u00f3n y solidaridad que le son propios, por la importancia que da a la gratuidad, a la reciprocidad, al ser un don el uno para el otro, que garantizan las bases de la sociedad \u2013aunque tambi\u00e9n subraya con fuerza que la finalidad del ser humano no es s\u00f3lo el trabajo.<\/p>\n<p>\u00abPor ello es necesario que el trabajo se organice considerando no s\u00f3lo las exigencias econ\u00f3micas de las personas, sino su efectivo y total bienestar. Por eso es importante que el tiempo destinado para el trabajo est\u00e9 en armon\u00eda con el dedicado a la familia\u00bb.<\/p>\n<p>Seguidamente, la <strong><a href=\"https:\/\/www.focolare.org\/es\/la-presidente\/\">presidente de los Focolares<\/a><\/strong> record\u00f3 que Jes\u00fas tambi\u00e9n trabaj\u00f3 (as\u00ed como Jos\u00e9 y Mar\u00eda), y que \u00abellos, adem\u00e1s de ser perfectos trabajadores, nos ofrecen tambi\u00e9n el aut\u00e9ntico significado de la fiesta\u00bb. En este sentido recuerda la peregrinaci\u00f3n a Jerusal\u00e9n&#8230; y las bodas de Cana\u00e1n \u00abdonde (Jes\u00fas), con Mar\u00eda su madre, fueron a festejar a unos reci\u00e9n casados. (&#8230;) En la vida de la Sagrada Familia hab\u00eda trabajo, pero tambi\u00e9n fiesta, que quiere decir tiempo dedicado al descanso, a las relaciones con los dem\u00e1s\u00bb.<\/p>\n<p>Refiri\u00e9ndose nuevamente a Chiara Lubich, Mar\u00eda Voce concluy\u00f3 subrayando que \u00abEn cierta forma (Chiara) ya hab\u00eda anticipado los t\u00e9rminos de este binomio: trabajo y fiesta. Es decir, si vivimos bien los valores de la familia, tambi\u00e9n el trabajo y la fiesta se ver\u00e1n nutridos por estos valores, convirti\u00e9ndose as\u00ed en testigos y constructores aut\u00e9nticos de una sociedad seg\u00fan el coraz\u00f3n de Dios\u00bb<\/p>\n<p><strong><a href=\"https:\/\/www.focolare.org\/wp-content\/uploads\/2012\/06\/TP20120602-MILANO-famiglie_ES.pdf\" target=\"_blank\" rel=\"noopener\">Lee todo <\/a><\/strong><\/p>\n","protected":false},"excerpt":{"rendered":"<p>Encuentro de las personas adherentes al movimiento de los focolares en el contexto del Vii encuentro mundial de las familias organizado por el consejo pontificio para la familia.<\/p>\n","protected":false},"author":27,"featured_media":0,"comment_status":"open","ping_status":"open","sticky":false,"template":"","format":"standard","meta":{"give_campaign_id":0,"_seopress_robots_primary_cat":"","_seopress_titles_title":"","_seopress_titles_desc":"","_seopress_robots_index":"","_et_pb_use_builder":"","_et_pb_old_content":"","_et_gb_content_width":"","footnotes":""},"categories":[46],"tags":[],"class_list":["post-348532","post","type-post","status-publish","format-standard","hentry","category-sin-categorizar"],"_links":{"self":[{"href":"https:\/\/www.focolare.org\/es\/wp-json\/wp\/v2\/posts\/348532","targetHints":{"allow":["GET"]}}],"collection":[{"href":"https:\/\/www.focolare.org\/es\/wp-json\/wp\/v2\/posts"}],"about":[{"href":"https:\/\/www.focolare.org\/es\/wp-json\/wp\/v2\/types\/post"}],"author":[{"embeddable":true,"href":"https:\/\/www.focolare.org\/es\/wp-json\/wp\/v2\/users\/27"}],"replies":[{"embeddable":true,"href":"https:\/\/www.focolare.org\/es\/wp-json\/wp\/v2\/comments?post=348532"}],"version-history":[{"count":0,"href":"https:\/\/www.focolare.org\/es\/wp-json\/wp\/v2\/posts\/348532\/revisions"}],"wp:attachment":[{"href":"https:\/\/www.focolare.org\/es\/wp-json\/wp\/v2\/media?parent=348532"}],"wp:term":[{"taxonomy":"category","embeddable":true,"href":"https:\/\/www.focolare.org\/es\/wp-json\/wp\/v2\/categories?post=348532"},{"taxonomy":"post_tag","embeddable":true,"href":"https:\/\/www.focolare.org\/es\/wp-json\/wp\/v2\/tags?post=348532"}],"curies":[{"name":"wp","href":"https:\/\/api.w.org\/{rel}","templated":true}]}}