{"id":348578,"date":"2012-06-12T05:14:08","date_gmt":"2012-06-12T03:14:08","guid":{"rendered":"https:\/\/www.focolare.org\/clara-de-asis-y-chiara-lubich-dos-carismas-en-comunion\/"},"modified":"2024-06-06T12:30:08","modified_gmt":"2024-06-06T10:30:08","slug":"clara-de-asis-y-chiara-lubich-dos-carismas-en-comunion","status":"publish","type":"post","link":"https:\/\/www.focolare.org\/es\/clara-de-asis-y-chiara-lubich-dos-carismas-en-comunion\/","title":{"rendered":"Clara de As\u00eds y Chiara Lubich, dos carismas en comuni\u00f3n"},"content":{"rendered":"<p><a href=\"https:\/\/www.focolare.org\/wp-content\/blogs.dir\/1\/files\/assisi-largo-chiara-lubich\/09.jpg\"><img loading=\"lazy\" decoding=\"async\" class=\"ngg-singlepic ngg-none alignright\" style=\"border: 0pt\" src=\"https:\/\/www.focolare.org\/wp-content\/blogs.dir\/1\/files\/assisi-largo-chiara-lubich\/09.jpg\" alt=\"09\" width=\"360\" height=\"239\" \/><\/a>En una soleada jornada, el 9 de junio, tuvo lugar el Congreso \u201cClara de As\u00eds y Chiara Lubich: dos carismas en comuni\u00f3n\u201d, un evento que enriquece el <em>A\u00f1o Clariano <\/em>con el que se quiere recordar el VIII centenario de la conversi\u00f3n y consagraci\u00f3n a Dios de Clara de As\u00eds. Y dar testimonio de la actualidad de su encanto. Por tal motivo se quiso profundizar la relaci\u00f3n o mejor dicho la <em>comuni\u00f3n <\/em>entre el carisma de Clara de As\u00eds y de Chiara Lubich.<\/p>\n<p>Fue de gran inter\u00e9s, por lo tanto, la mesa redonda introducida por las palabras del alcalde Claudio Ricci y del obispo de As\u00eds, Mons. Domenico Sorrentino. Una presentaci\u00f3n del tema desde varias perspectivas. El prof. Padre Pietro Maranesi, OFM Cap., reflexion\u00f3 con pasi\u00f3n sobre el tema \u201c<strong>Francisco y Clara: un carisma, dos rostros\u201d, <\/strong>centrado en la dimensi\u00f3n prof\u00e9tica y revolucionaria del carisma que, de por s\u00ed, se contrapone a las costumbres de la \u00e9poca. Sobre la novedad emergente de categor\u00edas como la \u201cmisericordia\u201d y el \u201ccompartir\u201d que se derivan de la \u201cconversi\u00f3n\u201d de Francisco. Sobre el \u201cviaje\u201d espiritual\u00a0 de Clara quien descubre su identidad en el \u201crostro\u201d de Francisco: \u201c\u2026sin ese rostro yo no tendr\u00eda un rostro. Encontr\u00e9 a Dios a trav\u00e9s de \u00c9l\u201d. Ellos tienen una apertura prof\u00e9tica que, en la sociedad medieval lleva a descubrir en el otro el camino para llegar a Dios. Son otros tiempos pero es la misma operaci\u00f3n realizada por Chiara Lubich. Lo demuestra la profesora y hermana Alessandra Smerilli, F.M.A, con el tema <strong>El reflejo de los carismas en la historia y en la sociedad\u201d. <\/strong>La realidad de un carisma no es s\u00f3lo \u201cgracia\u201d, \u201cgratuidad\u201d sino que son \u201cojos que, en quienes viven en la pobreza, pueden ver algo bello y grande\u201d. Por esto es que los carismas se convierten en \u201cpuntas de lanza en la frontera de lo humano y llevan sus posiciones siempre hacia adelante\u201d en la exploraci\u00f3n y el compromiso. Ellos, adem\u00e1s son caminos que hacen emerger lo femenino.<\/p>\n<p><a href=\"https:\/\/www.focolare.org\/wp-content\/uploads\/2012\/06\/20120612-02.jpg\"><img alt=\"\" alt=\"\" loading=\"lazy\" decoding=\"async\" class=\"wp-image-65645 alignleft\" style=\"margin-right: 10px;border: 0pt\" src=\"https:\/\/www.focolare.org\/wp-content\/uploads\/2012\/06\/20120612-02.jpg\" alt=\"\" width=\"309\" height=\"205\" \/><\/a>Es as\u00ed para las dos Clara: la de As\u00eds logr\u00f3 hacer que se aprobara en su reglamento la in\u00e9dita \u201calt\u00edsima pobreza\u201d. La de Trento llev\u00f3 a la Iglesia la enorme novedad que quien preside su Movimiento eclesial, que contiene todas las vocaciones, ser\u00e1 siempre una mujer. Con realizaciones laicas, exquisitamente civiles (como la Econom\u00eda de Comuni\u00f3n) que expresan cuanto los carismas, tanto ayer como hay, son volante que contribuyen a una sociedad m\u00e1s \u201chumana y bella\u201d.<\/p>\n<p>La belleza, la est\u00e9tica, de hecho, est\u00e1 impl\u00edcita en la acci\u00f3n de un carisma. <strong>\u201cClara de As\u00eds y Chiara Lubich: la comuni\u00f3n entre dos carismas como fuente de luz\u201d <\/strong>es el tema de\u00a0 Lucia Abignante del Movimiento de los Focolares. Una sinton\u00eda y una comuni\u00f3n que atraviesa los siglos y hace que esta \u00faltima, en un per\u00edodo de luz particular dentro de su historia, describa a la Iglesia como un \u201cCristo desplegado\u201d en el tiempo y el espacio, donde la variedad de los carismas corresponde\u00a0 a la totalidad del Evangelio. Como un jard\u00edn con muchas flores diferentes.<\/p>\n<p><strong> \u201cSanta unidad y alt\u00edsima pobreza\u201d<\/strong> es el carisma de la primera;<strong> \u201cLa unidad y como clave el amor exclusivo a Jes\u00fas Abandonado\u201d<\/strong> el de la segunda. La sinton\u00eda y la comuni\u00f3n entre las dos Clara, como fuente de luz, de renovada fidelidad y unidad recogiendo en \u00e9l su herencia para vivir el mensaje de ambas hoy<\/p>\n<p><a href=\"https:\/\/www.focolare.org\/wp-content\/uploads\/2012\/06\/20120612-01.jpg\"><img alt=\"\" alt=\"\" loading=\"lazy\" decoding=\"async\" class=\"wp-image-65644 alignright\" style=\"margin-left: 10px;border: 0pt\" src=\"https:\/\/www.focolare.org\/wp-content\/uploads\/2012\/06\/20120612-01.jpg\" alt=\"\" width=\"310\" height=\"218\" \/><\/a><em>\u00a0\u201cClaritas\u201d, \u201cclarificar\u201d,<\/em> son palabras que, en el lenguaje inventado por Chiara Lubich, invitan a \u00a0llevar la luz de las realidades espirituales a las realidades temporales. Y es esta la convicci\u00f3n con la cual se asiste, en el segundo acto, a la<a href=\"http:\/\/www.youtube.com\/watch?v=yj5ibuigalA&amp;NR=1&amp;feature=endscreen\" target=\"_blank\" rel=\"noopener\"> dedicaci\u00f3n<\/a> a Chiara Lubich de un tramo de la calle de los alrededores de la bas\u00edlica Superior de San Francisco, que invita a \u201campliar la mirada\u201d como dice Michele Zanzucchi, moderador de la mesa redonda. Dando su bendici\u00f3n a \u201cTramo Chiara Lubich\u201d Mons. Sorrentino auguraba que sea un \u201cllamado a todos, a considerar cualquier sendero como un lugar de encuentro y di\u00e1logo con todos\u201d. \u00a0El Alcalde Ricci \u00a0dijo ver all\u00f3 \u201clas piedras de As\u00eds, cuna del franciscanismo, redescubiertas hoy por un nuevo carisma, con el estilo de ser familia tambi\u00e9n en la realidad econ\u00f3mica y social\u201d.<\/p>\n<p>La jornada se concluy\u00f3 en el teatro del Metastasio con el musical \u201cClara de Dios\u201d de Carlo Tedeschi , un vibrante viaje de danzas, ritmos y m\u00fasica por la vida de Clara de As\u00eds, interpretado con convicci\u00f3n por una compa\u00f1\u00eda de j\u00f3venes que se han convertido en testigos de su mensaje.<\/p>\n<p><em>\u00a0De <\/em><em>Victoria G\u00f3mez<\/em><em><\/em><\/p>\n","protected":false},"excerpt":{"rendered":"<p>En el VIII centenario de la consagraci\u00f3n a Dios de Clara de As\u00eds tuvo lugar un singular congreso que compar\u00f3 los dos carismas, uno antiguo y uno actual. Un evento en tres actos.<\/p>\n","protected":false},"author":34,"featured_media":0,"comment_status":"open","ping_status":"open","sticky":false,"template":"","format":"standard","meta":{"give_campaign_id":0,"_seopress_robots_primary_cat":"","_seopress_titles_title":"","_seopress_titles_desc":"","_seopress_robots_index":"","_et_pb_use_builder":"","_et_pb_old_content":"","_et_gb_content_width":"","footnotes":""},"categories":[904],"tags":[],"class_list":["post-348578","post","type-post","status-publish","format-standard","hentry","category-focolare-worldwide-2-2"],"_links":{"self":[{"href":"https:\/\/www.focolare.org\/es\/wp-json\/wp\/v2\/posts\/348578","targetHints":{"allow":["GET"]}}],"collection":[{"href":"https:\/\/www.focolare.org\/es\/wp-json\/wp\/v2\/posts"}],"about":[{"href":"https:\/\/www.focolare.org\/es\/wp-json\/wp\/v2\/types\/post"}],"author":[{"embeddable":true,"href":"https:\/\/www.focolare.org\/es\/wp-json\/wp\/v2\/users\/34"}],"replies":[{"embeddable":true,"href":"https:\/\/www.focolare.org\/es\/wp-json\/wp\/v2\/comments?post=348578"}],"version-history":[{"count":0,"href":"https:\/\/www.focolare.org\/es\/wp-json\/wp\/v2\/posts\/348578\/revisions"}],"wp:attachment":[{"href":"https:\/\/www.focolare.org\/es\/wp-json\/wp\/v2\/media?parent=348578"}],"wp:term":[{"taxonomy":"category","embeddable":true,"href":"https:\/\/www.focolare.org\/es\/wp-json\/wp\/v2\/categories?post=348578"},{"taxonomy":"post_tag","embeddable":true,"href":"https:\/\/www.focolare.org\/es\/wp-json\/wp\/v2\/tags?post=348578"}],"curies":[{"name":"wp","href":"https:\/\/api.w.org\/{rel}","templated":true}]}}