{"id":348658,"date":"2012-07-24T05:51:45","date_gmt":"2012-07-24T03:51:45","guid":{"rendered":"https:\/\/www.focolare.org\/en-portugal-juntos-por-europa\/"},"modified":"2024-06-06T12:30:23","modified_gmt":"2024-06-06T10:30:23","slug":"en-portugal-juntos-por-europa","status":"publish","type":"post","link":"https:\/\/www.focolare.org\/es\/en-portugal-juntos-por-europa\/","title":{"rendered":"En Portugal, juntos por Europa"},"content":{"rendered":"<p><strong><img alt=\"\" alt=\"\" loading=\"lazy\" decoding=\"async\" class=\"alignright  wp-image-67377\" style=\"margin: 10px\" title=\"20120724-01\" src=\"https:\/\/www.focolare.org\/wp-content\/uploads\/2012\/07\/20120724-01-250x353.jpg\" alt=\"\" width=\"225\" height=\"318\" \/>Un signo concreto de respuesta a los desaf\u00edos que esperan a Europa tambi\u00e9n en tiempo de crisis. <\/strong>Este es el mensaje lanzado por representantes de movimientos y comunidades de Europa, y personalidades del panorama pol\u00edtico e institucional reunidos en Bruselas el pasado 12 de mayo. Por Internet o por sat\u00e9lite fueron 151 las ciudades del Viejo continente que estuvieron conectadas con el\u00a0 <em>Square meeting centre <\/em>de Bruselas para <strong>\u201c<a href=\"https:\/\/www.focolare.org\/es\/news\/2012\/05\/25\/una-rete-di-speranza-in-europa\/\">Juntos por Europa<\/a>\u201d,<\/strong>la manifestaci\u00f3n que re\u00fane \u00a0a 300 grupos entre movimientos y comunidades de varias Iglesias. Son muchos los hechos de reciprocidad vividos entre todos y los ecos de este acontecimiento que todav\u00eda van llegando. Experiencias del Evangelio vivido y con incidencia en lo social. <strong>Hacemos<\/strong> <strong>Zoom en <\/strong><a href=\"https:\/\/www.focolare.org\/es\/focolare-worldwide\/europa\/portogallo\/\"><strong>Portugal<\/strong><\/a>, para conocer mejor este Pa\u00eds que desde el 15 al 22 de agosto pr\u00f3ximo recibir\u00e1 la visita de la presidente Mar\u00eda Voce, y del copresidente Giancarlo Faletti. Son cinco las ciudades portuguesas involucradas en la proyecci\u00f3n y en el trabajo en com\u00fan, es una ocasi\u00f3n primaria para conocerse y construir relaciones de amistad y respeto mutuo. <strong>El relato de las comunidades. <\/strong><br \/> <img alt=\"\" alt=\"\" loading=\"lazy\" decoding=\"async\" class=\"alignleft size-articolo_1 wp-image-67378\" style=\"border: 1px solid black;margin: 10px\" title=\"20120724-03\" src=\"https:\/\/www.focolare.org\/wp-content\/uploads\/2012\/07\/20120724-03-250x226.jpg\" alt=\"\" width=\"250\" height=\"226\" \/><br \/> <strong><a href=\"http:\/\/juntospelaeuropa.blogspot.pt\/2012\/05\/reportagem-juntos-pela-europa-em-lisboa.html\">Lisboa<\/a>. <\/strong>110 j\u00f3venes atravesaron los puntos tur\u00edsticos de la ciudad, distribuyendo volantes con los <strong><span style=\"text-decoration: underline\"><a href=\"http:\/\/together4europe.org\/it\/messaggi-di-stoccarda\/messaggio-2007.html\">7S\u00ec<\/a> <\/span><\/strong>y las iniciativas para construir una Europa m\u00e1s solidaria, esta volanteada se realiz\u00f3 \u00a0junto con siete Movimientos: Sch\u00f6nstatt, Emmanuel, Cursillos, Equipos de Nuestra Se\u00f1ora, Verbum Dei, Metanoia y Focolares. En la tarde una cita en el Audit\u00f3rium, eran 350, para un di\u00e1logo con las varias personalidades que intervienen y testimonios sobre el camino realizado hasta este momento.<\/p>\n<p><strong>Porto. <\/strong>Un a\u00f1o de preparaci\u00f3n, donde el haber trabajado codo a codo fue la verdadera experiencia de fraternidad. Impresionante el testimonio del obispo de Porto, mons. Clemente: \u201c<em>La mejor garant\u00eda para el futuro es esta inspiraci\u00f3n cristiana, de la cual junto con otros hombres y <\/em>mujeres<em> de buena voluntad podemos ser protagonistas\u201d<\/em><\/p>\n<p><strong><a href=\"http:\/\/juntospelaeuropa.blogspot.pt\/2012\/05\/na-unidade-europeia-em-coimbra-o-sim.html\" target=\"_blank\" rel=\"noopener\">Coimbra<\/a>. \u00a0<\/strong>En la unidad europea, la protagonista es la familia. Son 250 las personas que \u00a0de todas las edades, desde los ni\u00f1os hasta los abuelos, hacen una caminata en el Parque Verde dela Universidad, para concluir con la transmisi\u00f3n en directo de Bruselas. La caracter\u00edstica de esta edici\u00f3n, el premio del concurso \u201cEn las ra\u00edces cristianas de Europa\u201d, dirigido a las escuelas en versi\u00f3n musical, fotogr\u00e1fica, po\u00e9tica, filmaci\u00f3n y dibujo.<img alt=\"\" alt=\"\" loading=\"lazy\" decoding=\"async\" class=\"alignleft size-articolo_1 wp-image-67379\" style=\"margin: 10px\" title=\"20120724-04\" src=\"https:\/\/www.focolare.org\/wp-content\/uploads\/2012\/07\/20120724-04-250x181.jpg\" alt=\"\" width=\"250\" height=\"181\" \/><\/p>\n<p><strong><span style=\"text-decoration: underline\">Funchal<\/span>. Isla de Madeira.\u00a0 <\/strong>La peque\u00f1a ciudad de Funchal participa por primera vez al proyecto de \u201cJuntos por Europa\u201d. Son Nueve los Movimientos cat\u00f3licos involucrados: ACI, ACR, Cursillos, Equipos de Nuestra Se\u00f1ora, Equipos J\u00f3venes de Nuestra Se\u00f1ora, Focolares, RnS, Sch\u00f6nstatt, Verbum Dei. Tienen conexi\u00f3n con Bruselas desde la Universidad de Madeira, y, simult\u00e1neamente, realizan una recolecci\u00f3n de alimentos de primera necesidad destinados a la Caritas Diocesana dentro de la campa\u00f1a <strong>\u201cFunchal, una ciudad solidaria\u201d<\/strong><\/p>\n<p><strong>Faro, en el Algarve. <\/strong>Est\u00e1 situada en la zona m\u00e1s al sur de Portugal, la ciudad Faro se caracteriza por una gran presencia multi\u00e9tnica y poca pr\u00e1ctica religiosa. El recorrido de seis movimientos \u2013Cursillos, RnS, Convivi Fraterni, Scout, Liga de Acci\u00f3n Misionera y Focolares- ha tenido un relieve especial. En el momento de la oraci\u00f3n entre cat\u00f3licos y ortodoxos estuvieron presentes m\u00e1s de 150 personas. El 12 de mayo fue el juego de postas de los j\u00f3venes y adem\u00e1s hubo una recolecci\u00f3n de alimentos, y, en el comienzo de la jornada, el saludo del obispo mons. Quintas.<\/p>\n<p><img alt=\"\" alt=\"\" loading=\"lazy\" decoding=\"async\" class=\"alignright size-articolo_1 wp-image-67380\" style=\"border: 0px none;margin: 10px\" title=\"20120724-02\" src=\"https:\/\/www.focolare.org\/wp-content\/uploads\/2012\/07\/20120724-02-250x187.jpg\" alt=\"\" width=\"250\" height=\"187\" \/>Despu\u00e9s de una semana aparecieron los primeros e inesperados frutos: <strong>la invitaci\u00f3n igual que en \u201cJuntos por Europa\u201d a uno de los programas m\u00e1s escuchados de la TV nacional \u201c<a href=\"http:\/\/juntospelaeuropa.blogspot.pt\/2012\/05\/juntos-pela-europa-no-pros-e-contras-de.html\" target=\"_blank\" rel=\"noopener\">Pros y Contras<\/a>\u201d<\/strong>para realizar un debate cuyo t\u00edtulo es \u201c<em>Qu\u00e9 hacen las asociaciones civiles por la crisis en Portugal.<\/em> Un paso importante para la comuni\u00f3n y la unidad entre los movimientos y comunidades de esta regi\u00f3n, porque son expresiones de experiencias evang\u00e9licas concretas, signo de esperanza en tiempo de crisis.<\/p>\n","protected":false},"excerpt":{"rendered":"<p>\u00bfQu\u00e9 hacen las asociaciones civiles por la crisis en Portugal? El equipo de Juntos por Europa portugu\u00e9s fue llamado a intervenir en el debate de tv nacional. Vemos el recorrido  y los  frutos de un camino de fraternidad construido juntos en cinco ciudades de Portugal.<\/p>\n","protected":false},"author":34,"featured_media":0,"comment_status":"open","ping_status":"open","sticky":false,"template":"","format":"standard","meta":{"give_campaign_id":0,"_seopress_robots_primary_cat":"","_seopress_titles_title":"","_seopress_titles_desc":"","_seopress_robots_index":"","_et_pb_use_builder":"","_et_pb_old_content":"","_et_gb_content_width":"","footnotes":""},"categories":[904],"tags":[],"class_list":["post-348658","post","type-post","status-publish","format-standard","hentry","category-focolare-worldwide-2-2"],"_links":{"self":[{"href":"https:\/\/www.focolare.org\/es\/wp-json\/wp\/v2\/posts\/348658","targetHints":{"allow":["GET"]}}],"collection":[{"href":"https:\/\/www.focolare.org\/es\/wp-json\/wp\/v2\/posts"}],"about":[{"href":"https:\/\/www.focolare.org\/es\/wp-json\/wp\/v2\/types\/post"}],"author":[{"embeddable":true,"href":"https:\/\/www.focolare.org\/es\/wp-json\/wp\/v2\/users\/34"}],"replies":[{"embeddable":true,"href":"https:\/\/www.focolare.org\/es\/wp-json\/wp\/v2\/comments?post=348658"}],"version-history":[{"count":0,"href":"https:\/\/www.focolare.org\/es\/wp-json\/wp\/v2\/posts\/348658\/revisions"}],"wp:attachment":[{"href":"https:\/\/www.focolare.org\/es\/wp-json\/wp\/v2\/media?parent=348658"}],"wp:term":[{"taxonomy":"category","embeddable":true,"href":"https:\/\/www.focolare.org\/es\/wp-json\/wp\/v2\/categories?post=348658"},{"taxonomy":"post_tag","embeddable":true,"href":"https:\/\/www.focolare.org\/es\/wp-json\/wp\/v2\/tags?post=348658"}],"curies":[{"name":"wp","href":"https:\/\/api.w.org\/{rel}","templated":true}]}}