{"id":348732,"date":"2012-08-20T11:00:30","date_gmt":"2012-08-20T09:00:30","guid":{"rendered":"https:\/\/www.focolare.org\/ganas-de-revolucion\/"},"modified":"2024-06-06T12:30:39","modified_gmt":"2024-06-06T10:30:39","slug":"ganas-de-revolucion","status":"publish","type":"post","link":"https:\/\/www.focolare.org\/es\/ganas-de-revolucion\/","title":{"rendered":"Ganas de revoluci\u00f3n"},"content":{"rendered":"<p><img alt=\"\" alt=\"\" loading=\"lazy\" decoding=\"async\" class=\"alignright size-full wp-image-68920\" style=\"margin-left: 10px; border: 0pt;\" title=\"20120820-03\" src=\"https:\/\/www.focolare.org\/wp-content\/uploads\/2012\/08\/20120820-031.jpg\" alt=\"\" width=\"421\" height=\"263\" \/><strong>Una combinaci\u00f3n explosiva: <\/strong>150 gen de todo <a href=\"https:\/\/www.focolare.org\/es\/focolare-worldwide\/europa\/portogallo\/\">Portugal<\/a> (incluidas las Islas de Madeira y las lejanas Azores) con los motores encendidos desde hace alrededor de un a\u00f1o, en preparaci\u00f3n al inminente <a href=\"http:\/\/www.genfest.org\/\" target=\"_blank\" rel=\"noopener\">Genfest<\/a> que ver\u00e1 a 200 de ellos reunidos en Budapest junto a otros 12.000 j\u00f3venes de todo el mundo. Si a ellos sumamos un lugar \u00fanico como la <a href=\"https:\/\/www.focolare.org\/es\/news\/2012\/08\/17\/cittadella-arco-iris\/\">ciudadela Arco Iris<\/a> y agregamos la presencia especial de <a href=\"https:\/\/www.focolare.org\/es\/news\/2011\/01\/20\/maria-voce\/\">Mar\u00eda Voce<\/a> y de <a href=\"https:\/\/www.focolare.org\/es\/news\/2010\/02\/03\/biografia-di-giancarlo-faletti\/\">Giancarlo Faletti<\/a>, se produce una la mezcla explosiva de alegr\u00eda y de <strong>\u201cganas de revoluci\u00f3n\u201d <\/strong>experimentada el 18 de agosto de 2012.<\/p>\n<p><strong>Empiezan ellos, los j\u00f3venes de los Focolares, <\/strong><strong>contando a la <\/strong><a href=\"https:\/\/www.focolare.org\/it\/la-presidente\/\">\u00a0presidente<\/a> y al <a href=\"https:\/\/www.focolare.org\/es\/movimento-dei-focolari\/organizzazione\/\">copresidente<\/a> del <a href=\"https:\/\/www.focolare.org\/es\/movimento-dei-focolari\/\">Movimiento<\/a> sobre las varias iniciativas para recoger los fondos necesarios para no faltar a la cita mundial de Budapest: un caf\u00e9 concierto en Porto (en el norte del pa\u00eds) con 300 amigos con los cuales compartir el sue\u00f1o de un mundo m\u00e1s unido; un \u201cfestival del helado\u201d en Faro (en el sur), una jornada abierta con m\u00e1s de 700 participantes; y despu\u00e9s, ventas, lavado de carros, jardiner\u00eda, servicio de babysitter\u2026 todo sirve para este fin, pero sobre todo ellos quieren subrayar que cada cosa ha sido una posibilidad para establecer relaciones m\u00e1s aut\u00e9nticas con nuestros amigos y con tantos muchachos y muchachas que ahora conocen y quieren compartir con nosotros el Ideal de un mundo unido\u201d.<\/p>\n<p><strong>Un intervalo musical<\/strong>: el conjunto \u201c<em>Contraste<\/em>\u201d interpreta, como primicia en exclusiva, la canci\u00f3n que tocar\u00e1 en Budapest, junto a otras 21 canciones ganadoras del concurso en el que se convocaron los conjuntos gen de todo el mundo. En seguida despu\u00e9s arranca una r\u00e1faga de preguntas que revelan sus sue\u00f1os y van desde la crisis econ\u00f3mica y social, a la desocupaci\u00f3n, de la falta de compromiso, al individualismo\u2026 Quieren entender el sentido profundo de cuanto est\u00e1 sucediendo en el mundo en el que viven y cu\u00e1l aporte pueden dar.<\/p>\n<p><img alt=\"\" alt=\"\" loading=\"lazy\" decoding=\"async\" class=\"alignleft  wp-image-68912\" style=\"margin-right: 10px; border: 0pt;\" title=\"20120820-01\" src=\"https:\/\/www.focolare.org\/wp-content\/uploads\/2012\/08\/20120820-011.jpg\" alt=\"\" width=\"251\" height=\"183\" \/>\u201c<em>\u00a1<em>Dios es Amor siempre<\/em><\/em>! \u2013 responde Mar\u00eda Voce \u2013 <em>Cuando <\/em><em><a href=\"https:\/\/www.focolare.org\/es\/chiara-lubich\/\"><strong>Chiara Lubich<\/strong> <\/a><\/em><em>hizo, junto con sus j\u00f3venes amigas, este descubrimiento, hab\u00eda guerra, pero esta certeza era tan fuerte que iba m\u00e1s all\u00e1 de las dificultades\u2026 Y hoy, precisamente \u00e9sta certeza nuestra, puede convertirse en esperanza para los dem\u00e1s. Aqu\u00ed est\u00e1 el aporte de ustedes: testimoniarla con la vida, poniendo en evidencia a trav\u00e9sd el valor de la solidaridad, de la unidad\u201d. <\/em><em>Y <\/em><strong>Giancarlo Faletti<\/strong>: \u201c<em>Pongamos en marcha la fantas\u00eda. La fe en Dios Amor nos ayudar\u00e1 a encontrar nuevas soluciones\u201d.<\/em><\/p>\n<p>\u201cEn este per\u00edodo estamos comunicando el Ideal de la unidad a muchos j\u00f3venes \u2013dicen los gen de Porto-, pero somos pocos&#8230; \u00bftienes alg\u00fan consejo para darnos?. <strong>Mar\u00eda Voce <\/strong>no titubea: <em>\u201cNunca hay que dejarse frenar por la idea de que no logramos, porque es Dios quien lleva adelante las cosas. Sin temor, \u00a1comuniquen el Ideal de la unidad a manos llenas!\u201d.<\/em><\/p>\n<p>\u201cEl ate\u00edsmo y el agnosticismo est\u00e1n muy presentes entre los j\u00f3venes \u2013dicen los gen de Faro- aun queriendo basar la propia vida sobre valores aut\u00e9nticos. \u00bfC\u00f3mo lograr dialogar, encontrarnos?\u201d. <em>\u201cNuestro ideal evang\u00e9lico es universal <\/em>\u2013subraya la Presidente-. <em>Dialogar con los hechos, con nuestra coherencia y tambi\u00e9n con el lenguaje apropiado. Debemos saber explicar las razones de nuestra fe; pero se hace viviendo el Evangelio, y despu\u00e9s encontrando las palabras apropiadas\u201d.<\/em><\/p>\n<p>\u201c\u00bfCu\u00e1l es la cosa m\u00e1s importante que tenemos que hacer como Movimiento Gen?\u201d <em>\u201cEstar todos dedicados a esta causa maravillosa, el mundo unido <\/em>\u2013responde <strong>Mar\u00eda <\/strong>Voce-. <em>Los nuevos medios de comunicaci\u00f3n\u00a0 ayudan a la comuni\u00f3n, pero atenci\u00f3n a no abandonar el radicalismo del amor que es personal, que exige todas nuestras energ\u00edas<em>\u201d<\/em><\/em>. <strong>Giancarlo Faletti<\/strong> agrega, yendo al origen del \u00a0<a href=\"https:\/\/www.focolare.org\/it\/movimento-dei-focolari\/scelte-e-impegno\/gen\/\">Movimiento Gen:<\/a> \u201c<em>Chiara, cuando fund\u00f3 la segunda generaci\u00f3n, a ustedes gen, habl\u00f3 de \u2018revoluci\u00f3n evang\u00e9lica\u2019 \u00a1Ayud\u00e9monos a vivir siendo esta revoluci\u00f3n viva!\u201d.<\/em><\/p>\n<p><em>Del enviado Gustavo Clari\u00e1<\/em><\/p>\n<p><strong><\/p>\n<p> <\/strong><\/p>\n","protected":false},"excerpt":{"rendered":"<p>J\u00f3venes portugueses reunidos en la ciudadela Arco Iris con Mar\u00eda Voce y Giancarlo Faletti. Preguntas, retos, sue\u00f1os, testimonios, cantos, compromiso radical. J\u00f3venes que viven en serio.<\/p>\n","protected":false},"author":33,"featured_media":0,"comment_status":"open","ping_status":"open","sticky":false,"template":"","format":"standard","meta":{"give_campaign_id":0,"_seopress_robots_primary_cat":"","_seopress_titles_title":"","_seopress_titles_desc":"","_seopress_robots_index":"","_et_pb_use_builder":"","_et_pb_old_content":"","_et_gb_content_width":"","footnotes":""},"categories":[46],"tags":[],"class_list":["post-348732","post","type-post","status-publish","format-standard","hentry","category-sin-categorizar"],"_links":{"self":[{"href":"https:\/\/www.focolare.org\/es\/wp-json\/wp\/v2\/posts\/348732","targetHints":{"allow":["GET"]}}],"collection":[{"href":"https:\/\/www.focolare.org\/es\/wp-json\/wp\/v2\/posts"}],"about":[{"href":"https:\/\/www.focolare.org\/es\/wp-json\/wp\/v2\/types\/post"}],"author":[{"embeddable":true,"href":"https:\/\/www.focolare.org\/es\/wp-json\/wp\/v2\/users\/33"}],"replies":[{"embeddable":true,"href":"https:\/\/www.focolare.org\/es\/wp-json\/wp\/v2\/comments?post=348732"}],"version-history":[{"count":0,"href":"https:\/\/www.focolare.org\/es\/wp-json\/wp\/v2\/posts\/348732\/revisions"}],"wp:attachment":[{"href":"https:\/\/www.focolare.org\/es\/wp-json\/wp\/v2\/media?parent=348732"}],"wp:term":[{"taxonomy":"category","embeddable":true,"href":"https:\/\/www.focolare.org\/es\/wp-json\/wp\/v2\/categories?post=348732"},{"taxonomy":"post_tag","embeddable":true,"href":"https:\/\/www.focolare.org\/es\/wp-json\/wp\/v2\/tags?post=348732"}],"curies":[{"name":"wp","href":"https:\/\/api.w.org\/{rel}","templated":true}]}}