{"id":348752,"date":"2012-08-29T21:03:51","date_gmt":"2012-08-29T19:03:51","guid":{"rendered":"https:\/\/www.focolare.org\/mundo-unido-ideal-que-se-convierte-en-historia\/"},"modified":"2024-06-06T12:30:43","modified_gmt":"2024-06-06T10:30:43","slug":"mundo-unido-ideal-que-se-convierte-en-historia","status":"publish","type":"post","link":"https:\/\/www.focolare.org\/es\/mundo-unido-ideal-que-se-convierte-en-historia\/","title":{"rendered":"Mundo unido: ideal que se convierte en historia"},"content":{"rendered":"<p><div id=\"attachment_69463\" style=\"width: 220px\" class=\"wp-caption alignleft\"><a href=\"http:\/\/youtu.be\/KjOGxWP505k\"><img alt=\"\" alt=\"\" loading=\"lazy\" decoding=\"async\" aria-describedby=\"caption-attachment-69463\" class=\"wp-image-69463 \" style=\"margin-right: 10px;border: 0px none\" title=\"20120501-a1\" src=\"https:\/\/www.focolare.org\/wp-content\/uploads\/2012\/08\/20120501-a1.jpg\" alt=\"\" width=\"210\" height=\"128\" \/><\/a><p id=\"caption-attachment-69463\" class=\"wp-caption-text\">V\u00eddeo Italiano: Chiara Lubich, Genfest 1990<\/p><\/div>  \u00ab(\u2026)<strong> Imaginemos que ante nuestros ojos pasen algunas escenas sintom\u00e1ticas del mundo de hoy<\/strong>. Observamos en el este europeo, en las naciones que han visto los recientes cambios, gente que exulta de alegr\u00eda porque alcanz\u00f3 la libertad, junto a otra asustada y decepcionada, deprimidas por la ca\u00edda de sus ideales. Leemos en algunos rostros amenazas de revancha, de venganza, incluso de odio. Y pensamos: <strong>\u00bfqu\u00e9 dir\u00eda Jes\u00fas si se presentara en medio de ellos?<\/strong> Estamos seguros, hoy como entonces una vez m\u00e1s hablar\u00eda de amor: <em>\u2018\u00c1mense<\/em> &#8211; dir\u00eda &#8211; <em>como yo los he amado<\/em>\u00bb (cf Jn 15,12). Y solamente juntos, en la concordia, en el perd\u00f3n, se puede construir un futuro s\u00f3lido.  Traslad\u00e9monos, como por sucesivas im\u00e1genes disolventes, a otros lugares, a un pa\u00eds de Am\u00e9rica latina, por ejemplo: por un lado rascacielos, amenudo modernas catedrales erigidas al dios-consumo, y por otro mocambos, villas miseria, favelas y miseria, miseria f\u00edsica y moral, enfermedades de todo tipo. \u00bfQu\u00e9 dir\u00eda Jes\u00fas ante esta visi\u00f3n desoladora?\u00bb<em> Les hab\u00eda dicho que se amaran. No lo hicieron, aqu\u00ed tienen las consecuencias\u201d<\/em>.  Y si otros cuadros nos mostraran, como en un collage, fragmentos de ciudades, conocidas como las m\u00e1s ricas del mundo y otras con la t\u00e9cnica m\u00e1s avanzada, junto a panoramas des\u00e9rticos con hombres, mujeres y ni\u00f1os que mueren de hambre. \u00bfQu\u00e9 dir\u00eda Jes\u00fas si apareciera all\u00ed, precisamente? <em>\u00ab\u00c1mense\u00bb.<\/em>  \u00bfO si vi\u00e9ramos im\u00e1genes de luchas raciales con matanzas e violaciones de derechos humanos&#8230; O interminables conflictos como los de Medio Oriente, con el derrumbe de casas, heridos, muertos y la constante y mortal ca\u00edda de bombas o de otras armas homicidas? Pregunt\u00e9monos a\u00fan: \u00bfqu\u00e9 dir\u00eda Jes\u00fas ante esta enorme cantidad de dramas? \u00ab<em>Les hab\u00eda dicho que se quisieran. \u00c1mense como yo los he amado<\/em>\u201d. S\u00ed, as\u00ed dir\u00eda ante esto y ante las m\u00e1s graves situaciones del mundo actual.  Pero su palabra no es s\u00f3lo un lamento por lo que no ha sido hecho. Hoy la repite con m\u00e1s fuerza que nunca. Porque \u00c9l muri\u00f3 pero resucit\u00f3 y &#8211; como ha prometido &#8211; est\u00e1 con nosotros todos los d\u00edas hasta el fin del mundo.  <strong> Y lo que dice tiene una importancia inmensa<\/strong>. Porque este <em>\u00ab\u00c1mense los unos a los otros como yo los he amado<\/em>\u00bb es la clave para solucionar todos los problemas, es la respuesta fundamental a los males del hombre. Los \u00abJ\u00f3venes por un mundo unido\u00bb solo podr\u00e1n llevar a cabo su tarea de cooperar a dar al mundo un alma, si le dar\u00e1n al mundo, nuevamente, el amor.  Ciertamente: <strong>este amor no es lo quede parecer a simple vista, no es una broma.<\/strong> Es exigente y fuerte pero tiene el poder de cambiar el mundo. Jes\u00fas a este mandamiento del amor lo llam\u00f3 \u00abm\u00edo\u00bb y \u00abnuevo\u00bb, porque es t\u00edpicamente suyo, habi\u00e9ndolo colmado de un contenido particular y nuevo. \u00ab<em>\u00c1mense &#8211; <\/em>ha dicho &#8211; como yo los he amado\u00bb. Y \u00c9l dio la vida por nosotros. Entonces, aqu\u00ed se pone en juego la vida. Y un amor dispuesto a dar la vida por los hermanos es lo que \u00c9l tambi\u00e9n nos pide. Para \u00c9l no es suficiente la amistad o la benevolencia hacia los dem\u00e1s; no le basta la filantrop\u00eda ni solo la solidaridad. El amor que nos pide no se agota en la no-violencia. Es algo activo, muy activo. Nos pide que no vivamos para nosotros mismos, sino para los otros. Y esto exige sacrificios, esfuerzos. Nos pide a todos que, de hombres pusil\u00e1nimes y ego\u00edstas, concentrados en nuestros intereses, en nuestras cosas, nos transformemos en peque\u00f1os h\u00e9roes cotidianos que, d\u00eda tras d\u00eda, est\u00e1n al servicio de los hermanos, dispuestos incluso a dar hasta la vida por ellos.  (&#8230;)<strong>\u00a1Vayan adelante, entonces, sin vacilar<\/strong>! La juventud que tienen no hace c\u00e1lculos, es generosa: aprov\u00e9chenla. Vayan adelante ustedes cat\u00f3licos y ustedes cristianos que creen en Cristo. Vayan adelante ustedes que profesan otras religiones, sustentados por los nobles principios en los que se apoyan. Vayan adelante ustedes que tienen una cultura diferente, que a lo mejor no conocen a Dios, pero que sienten enel coraz\u00f3n la exigencia de poner todos los esfuerzos en el ideal de un mundo unido. <strong>Todos tomados de la mano, \u00a1est\u00e9n seguros de que la victoria ser\u00e1 de ustedes!.\u00bb<\/strong>  <em>Chiara Lubich<\/em><\/p>\n","protected":false},"excerpt":{"rendered":"<p>A pocas horas del comienzo del Genfest 2012, he aqu\u00ed un trozo del mensaje de Chiara Lubich a los j\u00f3venes en la Edici\u00f3n del 1990, en el Palaeur de Roma, con la excepcional presencia de Juan Pablo II. Hab\u00eda reci\u00e9n ca\u00eddo el \u201cmuro\u201d de Berl\u00edn. Millones de j\u00f3venes comunicados directamente por sat\u00e9lite.<\/p>\n","protected":false},"author":34,"featured_media":0,"comment_status":"open","ping_status":"open","sticky":false,"template":"","format":"standard","meta":{"give_campaign_id":0,"_seopress_robots_primary_cat":"","_seopress_titles_title":"","_seopress_titles_desc":"","_seopress_robots_index":"","_et_pb_use_builder":"","_et_pb_old_content":"","_et_gb_content_width":"","footnotes":""},"categories":[904],"tags":[],"class_list":["post-348752","post","type-post","status-publish","format-standard","hentry","category-focolare-worldwide-2-2"],"_links":{"self":[{"href":"https:\/\/www.focolare.org\/es\/wp-json\/wp\/v2\/posts\/348752","targetHints":{"allow":["GET"]}}],"collection":[{"href":"https:\/\/www.focolare.org\/es\/wp-json\/wp\/v2\/posts"}],"about":[{"href":"https:\/\/www.focolare.org\/es\/wp-json\/wp\/v2\/types\/post"}],"author":[{"embeddable":true,"href":"https:\/\/www.focolare.org\/es\/wp-json\/wp\/v2\/users\/34"}],"replies":[{"embeddable":true,"href":"https:\/\/www.focolare.org\/es\/wp-json\/wp\/v2\/comments?post=348752"}],"version-history":[{"count":0,"href":"https:\/\/www.focolare.org\/es\/wp-json\/wp\/v2\/posts\/348752\/revisions"}],"wp:attachment":[{"href":"https:\/\/www.focolare.org\/es\/wp-json\/wp\/v2\/media?parent=348752"}],"wp:term":[{"taxonomy":"category","embeddable":true,"href":"https:\/\/www.focolare.org\/es\/wp-json\/wp\/v2\/categories?post=348752"},{"taxonomy":"post_tag","embeddable":true,"href":"https:\/\/www.focolare.org\/es\/wp-json\/wp\/v2\/tags?post=348752"}],"curies":[{"name":"wp","href":"https:\/\/api.w.org\/{rel}","templated":true}]}}