{"id":348800,"date":"2012-09-14T05:50:53","date_gmt":"2012-09-14T03:50:53","guid":{"rendered":"https:\/\/www.focolare.org\/los-responsables-del-movimiento-de-los-focolares-reunidos-en-roma\/"},"modified":"2024-06-06T12:30:52","modified_gmt":"2024-06-06T10:30:52","slug":"los-responsables-del-movimiento-de-los-focolares-reunidos-en-roma","status":"publish","type":"post","link":"https:\/\/www.focolare.org\/es\/los-responsables-del-movimiento-de-los-focolares-reunidos-en-roma\/","title":{"rendered":"Los Responsables del Movimiento de los Focolares reunidos en Roma"},"content":{"rendered":"<p><img alt=\"\" alt=\"\" loading=\"lazy\" decoding=\"async\" class=\"alignleft size-full wp-image-70464\" style=\"margin-right: 10px; border: 0px none;\" title=\"20120914-05\" src=\"https:\/\/www.focolare.org\/wp-content\/uploads\/2012\/09\/20120914-05.jpg\" alt=\"\" width=\"200\" height=\"600\" \/><strong>Con el saludo de introducci\u00f3n de la <a href=\"https:\/\/www.focolare.org\/es\/la-presidente\/\">presidente <\/a><a href=\"https:\/\/www.focolare.org\/es\/news\/2011\/01\/20\/maria-voce\/\">Mar\u00eda Voce<\/a>,<\/strong> el 13 de septiembre <strong>comenz\u00f3 el encuentro anual de los Responsables de los Focolares del <a href=\"https:\/\/www.focolare.org\/es\/movimento-dei-focolari\/\">Movimiento de los Focolares<\/a><\/strong>, que re\u00fane a casi 300 participantes, entre responsables centrales y provenientes de <a href=\"https:\/\/www.focolare.org\/es\/focolare-worldwide\/\">las distintas \u00e1reas geogr\u00e1ficas<\/a> donde el Movimiento est\u00e1 presente.<\/p>\n<p><strong>La convenci\u00f3n \u00a0se prolongar\u00e1<\/strong> hasta el 6 de octubre y est\u00e1n previstos tres d\u00edas de \u201cretiro espiritual\u201d, centrados en uno de los puntos de la espiritualidad de la unidad: <strong><span style=\"text-decoration: underline;\"><a href=\"https:\/\/www.focolare.org\/es\/chiara-lubich\/spiritualita-dellunita\/amore-al-fratello\/\">el amor al hermano<\/a>. <\/span><\/strong>El tema se profundizar\u00e1 seg\u00fan los textos y discursos de <a href=\"https:\/\/www.focolare.org\/es\/chiara-lubich\/\"><strong>Chiara Lubich<\/strong><\/a>, con intervenciones de Mar\u00eda Voce y testimonios de los participantes. Estos \u00faltimos ofrecer\u00e1n experiencias de vida del Evangelio, sobre temas\u00a0 que se profundizaron \u00a0en el a\u00f1o reci\u00e9n conclu\u00eddo. Est\u00e1 prevista tambi\u00e9n una reflexi\u00f3n <strong>sobre el <a href=\"https:\/\/www.focolare.org\/es\/news\/2011\/10\/21\/anno-della-fede\/\">A\u00f1o de la Fe <\/a><\/strong>\u2013 convocado por <strong>Benedicto XVI<\/strong> a partir del pr\u00f3ximo octubre \u2013 por parte del te\u00f3logo irland\u00e9s doctor Brendan Leahy y por la doctora Lida Ceccarelli, focolarina. <strong>La primera fase<\/strong> del encuentro <strong>terminar\u00e1 con una conexi\u00f3n v\u00eda Internet<\/strong> que vincular\u00e1 a las numerosas comunidades esparcidas en muchos pa\u00edses.<\/p>\n<p><strong><\/strong><strong>El lunes 17 de septiembre<\/strong> comenzar\u00e1n los trabajos centralizados en diversos argumentos y en especial: los \u201cNew Media\u201d y las transformaciones de la sociedad, la identidad del <a href=\"https:\/\/www.focolare.org\/es\/movimento-dei-focolari\/scelte-e-impegno\/focolarini\/\" target=\"_blank\" rel=\"noopener\">\u201cfocolarino\u201d <\/a>y su contribuci\u00f3n espec\u00edfica- seg\u00fan el \u00a0carisma de la unidad- la Iglesia y la sociedad, la presentaci\u00f3n del desarrollo del Movimiento en algunos pa\u00edses (Canad\u00e1, USA, Am\u00e9rica Latina\u2026) Y no faltar\u00e1 un balance sobre el <a href=\"http:\/\/www.genfest.org\/\" target=\"_blank\" rel=\"noopener\">Genfest 2012<\/a> reci\u00e9n concluido en Hungr\u00eda, protagonizado por los j\u00f3venes. Un signo de la importancia con la cual los Focolares miran a las nuevas generaciones como un futuro que est\u00e1 ya presente y que son un est\u00edmulo para todo el Movimiento. <strong>La celebraci\u00f3n de la misa del 26 de septiembre<\/strong> ser\u00e1 presidida por el obispo de Frascati, Mons. Raffaello Martinelli.<\/p>\n<p><strong>En concomitancia con este encuentro,<\/strong> sale por la imprenta<a href=\"http:\/\/www.cittanuova.it\/\" target=\"_blank\" rel=\"noopener\"><strong> Citt\u00e1 Nuova<\/strong><\/a> el libro: <em>\u201cLa apuesta de Emmaus, qu\u00e9 hacen y qu\u00e9 piensan los focolarinos en el post-Chiara<\/em>\u201d. En estos d\u00edas tendremos una primicia del libro.<\/p>\n","protected":false},"excerpt":{"rendered":"<p>Est\u00e1n presentes casi 300 delegados  de todo el mundo. El A\u00f1o de la Fe, la contribuci\u00f3n de la espiritualidad de la unidad, la identidad del focolarino, el protagonismo de los j\u00f3venes, son algunos de los temas del plenario.<\/p>\n","protected":false},"author":27,"featured_media":0,"comment_status":"open","ping_status":"open","sticky":false,"template":"","format":"standard","meta":{"give_campaign_id":0,"_seopress_robots_primary_cat":"","_seopress_titles_title":"","_seopress_titles_desc":"","_seopress_robots_index":"","_et_pb_use_builder":"","_et_pb_old_content":"","_et_gb_content_width":"","footnotes":""},"categories":[46],"tags":[],"class_list":["post-348800","post","type-post","status-publish","format-standard","hentry","category-sin-categorizar"],"_links":{"self":[{"href":"https:\/\/www.focolare.org\/es\/wp-json\/wp\/v2\/posts\/348800","targetHints":{"allow":["GET"]}}],"collection":[{"href":"https:\/\/www.focolare.org\/es\/wp-json\/wp\/v2\/posts"}],"about":[{"href":"https:\/\/www.focolare.org\/es\/wp-json\/wp\/v2\/types\/post"}],"author":[{"embeddable":true,"href":"https:\/\/www.focolare.org\/es\/wp-json\/wp\/v2\/users\/27"}],"replies":[{"embeddable":true,"href":"https:\/\/www.focolare.org\/es\/wp-json\/wp\/v2\/comments?post=348800"}],"version-history":[{"count":0,"href":"https:\/\/www.focolare.org\/es\/wp-json\/wp\/v2\/posts\/348800\/revisions"}],"wp:attachment":[{"href":"https:\/\/www.focolare.org\/es\/wp-json\/wp\/v2\/media?parent=348800"}],"wp:term":[{"taxonomy":"category","embeddable":true,"href":"https:\/\/www.focolare.org\/es\/wp-json\/wp\/v2\/categories?post=348800"},{"taxonomy":"post_tag","embeddable":true,"href":"https:\/\/www.focolare.org\/es\/wp-json\/wp\/v2\/tags?post=348800"}],"curies":[{"name":"wp","href":"https:\/\/api.w.org\/{rel}","templated":true}]}}