{"id":348808,"date":"2012-09-17T13:35:27","date_gmt":"2012-09-17T11:35:27","guid":{"rendered":"https:\/\/www.focolare.org\/terremoto-en-emilia-el-gen-rosso-en-concierto\/"},"modified":"2024-06-06T12:30:54","modified_gmt":"2024-06-06T10:30:54","slug":"terremoto-en-emilia-el-gen-rosso-en-concierto","status":"publish","type":"post","link":"https:\/\/www.focolare.org\/es\/terremoto-en-emilia-el-gen-rosso-en-concierto\/","title":{"rendered":"Terremoto en Emilia: el Gen Rosso en concierto"},"content":{"rendered":"<p><img alt=\"\" alt=\"\" loading=\"lazy\" decoding=\"async\" class=\" wp-image-70528  alignleft\" style=\"margin-right: 10px; border: 0px none;\" title=\"Pubblico poggese\" src=\"https:\/\/www.focolare.org\/wp-content\/uploads\/2012\/09\/Pubblico-poggese.jpeg\" alt=\"\" width=\"432\" height=\"288\" \/><\/p>\n<p><strong>\u201cSentados en una carpa de la comunidad de Poggio Renatico <a href=\"https:\/\/www.focolare.org\/es\/focolare-worldwide\/europa\/italia\/#\">(Italia) <\/a><\/strong>escuchamos la aventura de la gente que vivi\u00f3 el sismo y no perdi\u00f3 la esperanza, los esfuerzos y los proyectos futuros de su incansable prodigarse\u201d. Escribe Tomek Mikusinski, del <a href=\"http:\/\/www.genrosso.com\/index.php?lang=it\" target=\"_blank\" rel=\"noopener\">Gen Rosso,<\/a> en la vigilia del espect\u00e1culo.<\/p>\n<p><strong>\u201cEl grupo es recibido en la carpa grande delante de la iglesia, porque todav\u00eda es inutilizable. <\/strong>Las im\u00e1genes de la explosi\u00f3n controlada del campanario dieron la vuelta del web. \u201cPero Iglesia son tambi\u00e9n ellos\u201d, contin\u00faa Tomek.\u201dNos dan la posibilidad de contar nuestra vida, la trayectoria que nos trajo hasta aqu\u00ed, a elegir a Dios y seguirlo, la experiencias pasadas y las expectativas que gu\u00edan nuestro camino\u2026.\u201d Una de las personas \u00a0nos conf\u00eda: \u201cAgradezco a todo el grupo por el testimonio de vida y de amor que nos trajeron. Los \u00faltimos acontecimientos nos desanimaron un poco, \u00a1precis\u00e1bamos justamente esto que Uds nos traen! Es una alegr\u00eda para nosotros haber podido realizar este gran sue\u00f1o\u201d<\/p>\n<p>Y el 14 de septiembre, el d\u00eda antes, se registra un nuevo, leve, sacud\u00f3n s\u00edsmico. Entre las localidades m\u00e1s cercanas del epicentro, est\u00e1 tambi\u00e9n Poggio Renatico. Pero el espect\u00e1culo no se detiene, como no se detuvo el proyecto, ya ideado antes del sismo de mayo. Y la noche del 15 era un millar la cantidad de espectadores en el estadio. Considerando el n\u00famero de los habitantes, una familia cada 3 estaba presente! Exist\u00eda tambi\u00e9n una zona gratuita donde pernoctar con carpas tipo campamento.<\/p>\n<p>\u201cCompartir, admiraci\u00f3n, esperanza, gratitud, amor, unidad, amistad, son solo algunos adjetivos que espont\u00e1neamente quisieran expresar lo que vivimos en este \u00faltimo fin de semana\u201d , es Tomek quien nos escribe, en nombre del grupo. <em>\u201cCaen los montes, sus ciudades, el amor no cae nunca, el amor no cae nunca; y hay mucha gente que ayuda y que da, esperanza y serenidad\u2026.<\/em>El texto de nuestra canci\u00f3n reson\u00f3 en lo m\u00e1s profundo. En la comunidad de Poggio Renatico es sobre todo una realidad tangible. \u00a1Hemos vivido d\u00edas de verdadera hermandad! \u00a1Porque cuando el amor y la esperanza est\u00e1n fundamentadas por el dolor, all\u00ed pasa Dios y renace la Vida! \u00a1Mucha vida!\u201d<\/p>\n<p>\u201cMe ocup\u00e9 mucho de retomar mi camino personal, a menudo lleno de obst\u00e1culos y dificultades que me ponen a prueba!, comenta una joven en el momento de irnos, \u201cGracias por haber demostrado que juntos se puede caminar lejos\u201d<\/p>\n<p>\u201cEn nombre de la reconstrucci\u00f3n est\u00e1 tambi\u00e9n presente un grupo hist\u00f3rico de la m\u00fasica internacional\u201d\u00a0 Se lee en Ferrara24 horas. \u201cEl grupo definido \u201cinternational performing arts group\u201d, funciona desde 1966 con una profunda tensi\u00f3n al aspecto social y por este motivo recibi\u00f3 con entusiasmo la invitaci\u00f3n a exhibirse en nuestro territorio para aliviar el \u00e1nimo de la poblaci\u00f3n turbada por el terremoto y se convirti\u00f3 en un colaborador de la organizaci\u00f3n al ver las dificultades del momento vivido\u201d. \u201cEl grupo lucha por la construcci\u00f3n de un mundo donde se viva con mayor justicia, paz y solidaridad.\u00a0 No existe concepto mejor para partir de Poggio Renatico\u201d<\/p>\n","protected":false},"excerpt":{"rendered":"<p>En Poggio Renatico, comuna italiana sacudida por el sismo de la pasada primavera, el espect\u00e1culo Dimensi\u00f3n Indeleble: lo recaudado se devolvi\u00f3 para la reconstrucci\u00f3n.<\/p>\n","protected":false},"author":34,"featured_media":0,"comment_status":"open","ping_status":"open","sticky":false,"template":"","format":"standard","meta":{"give_campaign_id":0,"_seopress_robots_primary_cat":"","_seopress_titles_title":"","_seopress_titles_desc":"","_seopress_robots_index":"","_et_pb_use_builder":"","_et_pb_old_content":"","_et_gb_content_width":"","footnotes":""},"categories":[904],"tags":[],"class_list":["post-348808","post","type-post","status-publish","format-standard","hentry","category-focolare-worldwide-2-2"],"_links":{"self":[{"href":"https:\/\/www.focolare.org\/es\/wp-json\/wp\/v2\/posts\/348808","targetHints":{"allow":["GET"]}}],"collection":[{"href":"https:\/\/www.focolare.org\/es\/wp-json\/wp\/v2\/posts"}],"about":[{"href":"https:\/\/www.focolare.org\/es\/wp-json\/wp\/v2\/types\/post"}],"author":[{"embeddable":true,"href":"https:\/\/www.focolare.org\/es\/wp-json\/wp\/v2\/users\/34"}],"replies":[{"embeddable":true,"href":"https:\/\/www.focolare.org\/es\/wp-json\/wp\/v2\/comments?post=348808"}],"version-history":[{"count":0,"href":"https:\/\/www.focolare.org\/es\/wp-json\/wp\/v2\/posts\/348808\/revisions"}],"wp:attachment":[{"href":"https:\/\/www.focolare.org\/es\/wp-json\/wp\/v2\/media?parent=348808"}],"wp:term":[{"taxonomy":"category","embeddable":true,"href":"https:\/\/www.focolare.org\/es\/wp-json\/wp\/v2\/categories?post=348808"},{"taxonomy":"post_tag","embeddable":true,"href":"https:\/\/www.focolare.org\/es\/wp-json\/wp\/v2\/tags?post=348808"}],"curies":[{"name":"wp","href":"https:\/\/api.w.org\/{rel}","templated":true}]}}