{"id":348820,"date":"2012-09-22T03:07:29","date_gmt":"2012-09-22T01:07:29","guid":{"rendered":"https:\/\/www.focolare.org\/cooperativa-loppiano-prima-el-coraje-de-una-profecia\/"},"modified":"2024-06-06T12:30:55","modified_gmt":"2024-06-06T10:30:55","slug":"cooperativa-loppiano-prima-el-coraje-de-una-profecia","status":"publish","type":"post","link":"https:\/\/www.focolare.org\/es\/cooperativa-loppiano-prima-el-coraje-de-una-profecia\/","title":{"rendered":"Cooperativa Loppiano Prima: el coraje de una profec\u00eda"},"content":{"rendered":"<p><img alt=\"\" alt=\"\" loading=\"lazy\" decoding=\"async\" class=\"alignleft size-full wp-image-70752\" style=\"margin-right: 10px;border: 0pt none\" title=\"20120922-03\" src=\"https:\/\/www.focolare.org\/wp-content\/uploads\/2012\/09\/20120922-03.jpg\" alt=\"\" width=\"222\" height=\"314\" \/>  <strong>19 de Mayo de 1973:<\/strong> es un s\u00e1bado y la ciudadela de <a href=\"http:\/\/www.loppiano.it\/default.asp?s=64\" target=\"_blank\" rel=\"noopener\"><strong>Loppiano<\/strong><\/a>, est\u00e1 como siempre, desde hace nueve a\u00f1os hasta ahora, en plena actividad para recibir a los visitantes que durante este weekend vendr\u00e1n a conocer la \u201cMari\u00e1polis\u201d. Aparentemente es un d\u00eda como cualquiera, en realidad la fecha es hist\u00f3rica.  En efecto, se funda en este d\u00eda la<strong> Cooperativa Loppiano Prima<\/strong>, que nace para ofrecer un testimonio del Evangelio vivido a trav\u00e9s de una experiencia de trabajo concreto. Dicho as\u00ed parece algo sin importancia, pero los or\u00edgenes de esta especial empresa se fundamentan en un terreno que es todo de \u201coro\u201d y todo de \u201cbarro\u201d. Este \u00faltimo t\u00e9rmino en su sentido literal.  <a href=\"https:\/\/www.focolare.org\/es\/all-opera\/cittadelle\/\" target=\"_blank\" rel=\"noopener\"><strong>Loppiano<\/strong><\/a> ya hab\u00eda nacido desde hac\u00eda algunos a\u00f1os. En esas colinas toscanas el entusiasmo y la alegr\u00eda no faltaban y los muchachos se ingeniaban de cualquier modo con tal de realizar su sue\u00f1o: darle visibilidad al ideal de un \u201cmundo unido\u201d, gracias a las relaciones entre los habitantes de la ciudadela, caracterizada \u00a0por la internacionalidad, la diversidad, y al mismo tiempo impregnada de una armon\u00eda dif\u00edcil de encontrar en otro lado. Es verdad que no era f\u00e1cil porque las piedritas que hab\u00eda que quitar del coraz\u00f3n de cada uno, por mentalidad, raza y cultura, eran muchas.  <strong>Pero hab\u00eda otras piedras,<\/strong> mucho m\u00e1s visibles e igualmente pesadas: eran las de los terrenos abandonados desde a\u00f1os que hac\u00edan que el paisaje fuera poco acogedor, el transporte un poco dif\u00edcil, las condiciones de vida no precisamente comod\u00edsimas. Se habr\u00eda precisado alguna persona id\u00f3nea para trabajar la tierra, ordenar las casas, hacer de forma que ese conjunto agr\u00edcola asumiese de verdad el aspecto de una ciudad. Aunque sea en miniatura.  <img alt=\"\" alt=\"\" loading=\"lazy\" decoding=\"async\" class=\"alignright size-full wp-image-70737\" style=\"margin-left: 10px;border: 0px none\" title=\"fattorialoppiano\" src=\"https:\/\/www.focolare.org\/wp-content\/uploads\/2012\/09\/fattorialoppiano.jpg\" alt=\"\" width=\"250\" height=\"188\" \/>Este llamado, lanzado a todo el <a href=\"https:\/\/www.focolare.org\/es\/movimento-dei-focolari\/\"><strong>Movimiento de los Focolares<\/strong><\/a>, fue recibido con especial entusiasmo por <a href=\"https:\/\/www.focolare.org\/es\/movimento-dei-focolari\/scelte-e-impegno\/volontari\/\"><strong>los Voluntarios y las Voluntarias de Dios<\/strong><\/a> de todo el mundo: algunos de ellos, habitantes de los valles bergamascos (norte de Italia), con generosidad y a\u00fan con mayor fe, partieron, dejando su trabajo y actividades bien encaminadas para transferirse con la familia y los hijos peque\u00f1os a Loppiano. Sin ninguna seguridad de trabajo ni de casa, comenzaron a re-estructurar algunas casonas y, con sacrificios y trabajo duro, iniciaron la construcci\u00f3n de la ciudadela y el cultivo de los terrenos circundantes. Una locura, as\u00ed considerado por parientes y amigos; y sin embargo, gracias a estas primeras familias, Loppiano abri\u00f3 de par en par sus puertas al mundo, concretando una aventura espiritual y humana hoy conocida y apreciada en los cinco continentes.  Se trataba de encarnar en el trabajo concreto de cada d\u00eda la<a href=\"https:\/\/www.focolare.org\/es\/chiara-lubich\/spiritualita-dellunita\/\"> espiritualidad del Movimiento <\/a>de los Focolares y de mantener el respeto al medio ambiente y por consiguiente respeto al hombre. As\u00ed es que, en estos a\u00f1os no se usaron nunca productos qu\u00edmicos en los cultivos, valorando en cambio los procesos f\u00edsicos, consiguiendo la obtenci\u00f3n del certificado biol\u00f3gico en todos los terrenos.  <img alt=\"\" alt=\"\" loading=\"lazy\" decoding=\"async\" class=\"alignleft wp-image-70753\" style=\"margin-right: 10px;border: 0pt none\" title=\"20120922-04\" src=\"https:\/\/www.focolare.org\/wp-content\/uploads\/2012\/09\/20120922-04.jpg\" alt=\"\" width=\"314\" height=\"223\" \/>La Cooperativa hoy cuenta con m\u00e1s de 4000 socios esparcidos en todo el mundo, quienes, a trav\u00e9s de cuotas sociales y del consumo de los productos, contribuyen al desarrollo de la empresa e, indirectamente, tambi\u00e9n al de toda la ciudadela. En 1991, cuando<a href=\"https:\/\/www.focolare.org\/es\/chiara-lubich\/\"><strong> Chiara Lubich<\/strong><\/a> lanz\u00f3 en Brasil el proyecto de <a href=\"http:\/\/www.edc-online.org\/\" target=\"_blank\" rel=\"noopener\">Econom\u00eda de Comuni\u00f3n<\/a>, nombr\u00f3 a la Cooperativa Loppiano Prima como ejemplo prof\u00e9tico de la misma EdC.  Loppiano hoy es linda, hermosa, con sus praderas, las casas, las calles, el agua corriente para todos. Pero se precis\u00f3 la fe y el coraje de los pioneros, la mayor parte todav\u00eda radicados all\u00ed, algunos ya en el Cielo, sin los cuales nada habr\u00eda sido posible, ni siquiera la realizaci\u00f3n de aquella profec\u00eda de la cual habl\u00f3 una vez<a href=\"https:\/\/www.focolare.org\/es\/chiara-lubich\/chi-e-chiara\/igino-giordani\/\"> Igino Giordani <\/a>(Foco) en un mensaje enviado a la Cooperativa: <em>\u201cUstedes testimonian y gritan el Evangelio simplemente con el trabajo y la comuni\u00f3n de bienes\u2026 Y son la primicia de una sociedad concebida por muchos\u00a0 solo en palabras y sin embargo so\u00f1ada\u00a0 por todos. Por ustedes y gracias a ustedes el mundo de ma\u00f1ana ya comenz\u00f3\u2026.\u201d . \u00a0\u00a0\u00a0\u00a0\u00a0\u00a0\u00a0\u00a0\u00a0\u00a0\u00a0\u00a0\u00a0\u00a0\u00a0\u00a0\u00a0\u00a0\u00a0\u00a0\u00a0\u00a0\u00a0\u00a0\u00a0\u00a0\u00a0\u00a0 <\/em>  (fin de la primera parte\u2026continuar\u00e1)  <\/p>\n<hr \/>\n<p>  Website &#8211; <em>Terre di Loppiano<\/em>: <a href=\"http:\/\/www.terrediloppiano.com\/index.php?main_page=index&amp;cPath=135&amp;zenid=9b625910e8d025837b470d17b438cb8f\">http:\/\/www.terrediloppiano.com<\/a>  <a href=\"http:\/\/www.terrediloppiano.com\/download\/CATALOGO.pdf\" target=\"_blank\" rel=\"noopener\">Brochure<\/a><\/p>\n","protected":false},"excerpt":{"rendered":"<p>Comienza con esta primera entrega, una serie de art\u00edculos dedicados a la Cooperativa Loppiano Prima, en la ciudadela internacional de los Focolares: su origen, su desarrollo, las personas, los proyectos.<\/p>\n","protected":false},"author":27,"featured_media":0,"comment_status":"open","ping_status":"open","sticky":false,"template":"","format":"standard","meta":{"give_campaign_id":0,"_seopress_robots_primary_cat":"","_seopress_titles_title":"","_seopress_titles_desc":"","_seopress_robots_index":"","_et_pb_use_builder":"","_et_pb_old_content":"","_et_gb_content_width":"","footnotes":""},"categories":[46],"tags":[],"class_list":["post-348820","post","type-post","status-publish","format-standard","hentry","category-sin-categorizar"],"_links":{"self":[{"href":"https:\/\/www.focolare.org\/es\/wp-json\/wp\/v2\/posts\/348820","targetHints":{"allow":["GET"]}}],"collection":[{"href":"https:\/\/www.focolare.org\/es\/wp-json\/wp\/v2\/posts"}],"about":[{"href":"https:\/\/www.focolare.org\/es\/wp-json\/wp\/v2\/types\/post"}],"author":[{"embeddable":true,"href":"https:\/\/www.focolare.org\/es\/wp-json\/wp\/v2\/users\/27"}],"replies":[{"embeddable":true,"href":"https:\/\/www.focolare.org\/es\/wp-json\/wp\/v2\/comments?post=348820"}],"version-history":[{"count":0,"href":"https:\/\/www.focolare.org\/es\/wp-json\/wp\/v2\/posts\/348820\/revisions"}],"wp:attachment":[{"href":"https:\/\/www.focolare.org\/es\/wp-json\/wp\/v2\/media?parent=348820"}],"wp:term":[{"taxonomy":"category","embeddable":true,"href":"https:\/\/www.focolare.org\/es\/wp-json\/wp\/v2\/categories?post=348820"},{"taxonomy":"post_tag","embeddable":true,"href":"https:\/\/www.focolare.org\/es\/wp-json\/wp\/v2\/tags?post=348820"}],"curies":[{"name":"wp","href":"https:\/\/api.w.org\/{rel}","templated":true}]}}