{"id":348828,"date":"2012-09-25T11:38:55","date_gmt":"2012-09-25T09:38:55","guid":{"rendered":"https:\/\/www.focolare.org\/maria-voce-el-desafio-de-vivir-el-carisma\/"},"modified":"2024-06-06T12:30:58","modified_gmt":"2024-06-06T10:30:58","slug":"maria-voce-el-desafio-de-vivir-el-carisma","status":"publish","type":"post","link":"https:\/\/www.focolare.org\/es\/maria-voce-el-desafio-de-vivir-el-carisma\/","title":{"rendered":"Mar\u00eda Voce: el desaf\u00edo de vivir el carisma"},"content":{"rendered":"<p><strong><a href=\"https:\/\/www.focolare.org\/wp-content\/uploads\/2012\/09\/20120925-04.jpg\"><img alt=\"\" alt=\"\" loading=\"lazy\" decoding=\"async\" class=\" wp-image-71000 alignleft\" style=\"margin-right: 10px; border: 0pt none;\" title=\"20120925-04\" src=\"https:\/\/www.focolare.org\/wp-content\/uploads\/2012\/09\/20120925-04.jpg\" alt=\"\" width=\"300\" height=\"199\" \/><\/a>Tres salas conectadas, 3.000 personas y la transmisi\u00f3n en directo por Internet, subrayan la gran expectativa suscitada por la presentaci\u00f3n del libro-entrevista <\/strong><strong>en donde <\/strong><a href=\"https:\/\/www.focolare.org\/es\/news\/2011\/01\/20\/maria-voce\/\"><strong><span style=\"text-decoration: underline;\">Mar\u00eda Voce<\/span><\/strong><\/a> \u00a0acept\u00f3 gustosa responder a las preguntas de todo tipo de los periodistas Michele Zanzucchi y Paolo L\u00f2riga (respectivamente director y jefe de redacci\u00f3n de la Revista <a href=\"http:\/\/www.cittanuova.it\/\" target=\"_blank\" rel=\"noopener\"><strong>Citt\u00e0 Nuova<\/strong><\/a>): <strong>\u201c\u00bfQu\u00e9 hacen y qu\u00e9 piensan los focolarinos despu\u00e9s de <a href=\"http:\/\/www.centrochiaralubich.org\/it\/\" target=\"_blank\" rel=\"noopener\">Chiara Lubich<\/a>? \u00bfSon progresistas o conservadores? \u00bfTrabajan para conquistar cargos de relieve en la Iglesia y en la pol\u00edtica? \u00bfSon buena gente que sonr\u00ede demasiado\u2026?\u201d.<\/strong><\/p>\n<p><strong>\u201c<a href=\"http:\/\/www.cittanuova.it\/eshop_scheda.php?TipoContenuto=libro&#038;idContenuto=523164\" target=\"_blank\" rel=\"noopener\">La apuesta de Emmaus<\/a>\u201d, es el t\u00edtulo del volumen <\/strong><strong>cuya primicia fue presentada el 22 de septiembre mediante un di\u00e1logo entre la presidente de los Focolares y <\/strong><strong>Lucetta Scaraffia<\/strong> (historiadora y columnista de <strong>\u201cL\u2019Osservatore Romano\u201d<\/strong>) y <strong>Marco Politi<\/strong> (escritor y columnista de <strong>\u201cIl Fatto Quotidiano\u201d<\/strong>). Scaraffia y Politi no perdieron la posibilidad de tener delante a Mar\u00eda Voce en persona y la entrevista toc\u00f3 los argumentos m\u00e1s variados: \u00bfC\u00f3mo afrontar el tema de la imagen despu\u00e9s de un tiempo de estar a la sombra; la solicitud que los Focolares se vuelvan promotores de grandes temas como <strong>el protagonismo de los laicos, el <strong><a href=\"https:\/\/www.focolare.org\/es\/in-dialogo\/chiese-cristiane\/\" target=\"_blank\" rel=\"noopener\">ecumenism<\/a>, el <a href=\"https:\/\/www.focolare.org\/es\/in-dialogo\/grandi-religioni\/\" target=\"_blank\" rel=\"noopener\">di\u00e1logo interreligioso<\/a> y <a href=\"https:\/\/www.focolare.org\/es\/in-dialogo\/persone-di-convinzioni-non-religiose\/\" target=\"_blank\" rel=\"noopener\">con personas de convicciones diversas<\/a>; <\/strong><\/strong>la mujer, el fin de la vida, la familia y el trabajo, los musulmanes en Europa; el carisma femenino de Chiara Lubich como don para la Iglesia, el reducido n\u00famero de focolarinos que hacen una elecci\u00f3n de vida radical en relaci\u00f3n con el vasto Movimiento, y algo m\u00e1s.<\/p>\n<p><strong>Parec\u00eda que Mar\u00eda Voce estaba en la sala de su casa con dos amigos. <\/strong>No se inmuta y responde inmediatamente y con lucidez. \u201cNo tenemos la \u201cfijaci\u00f3n\u201d de estar escondidos, pero tampoco nos interesa hacernos publicidad. M\u00e1s bien queremos que las personas puedan conocer la incidencia positiva que logramos tener en las realidades humanas. Yo siento que como Mar\u00eda Voce no tengo cosas significativas que decir, pero como <a href=\"https:\/\/www.focolare.org\/es\/movimento-dei-focolari\/\" target=\"_blank\" rel=\"noopener\">Movimiento de los Focolares,<\/a> s\u00ed\u201d.<\/p>\n<p><strong>\u00abLos laicos no tienen necesidad de que les den \u00e1nimo, sino m\u00e1s bien de que los dejen libres de actuar en un contexto eclesial de mayor confianza\u201d,<\/strong> se lee en el libro. Esta frase, particularmente apreciada por Scaraffia, es la base para reflexionar sobre los laicos y sobre la mujer: \u201cChiara antes de ser mujer, es laica (\u2026)[El suyo] en una gran adelanto, el de hacer sentir la fuerza vital del laicado en la Iglesia. Por lo que respecta a la presencia femenina, Chiara amaba decir que la mujer tiene, como caracter\u00edstica propia, una capacidad mayor de amar y de sufrir. Esto se manifiesta sobre todo en la maternidad. Por lo tanto dir\u00eda que la mujer tiene, en modo especial, la capacidad de crear la familia, la comuni\u00f3n, la s\u00edntesis de todas las aspiraciones de la humanidad, la mujer tiene una funci\u00f3n importante. Pero \u2013como siempre dijo Chiara- estoy convencida de que el hombre y la mujer delante de Dios son igualmente responsables. En el Evangelio est\u00e1 escrito: \u201cNo hay ni hombre ni mujer, ni jud\u00edo ni griego\u201d, por lo tanto lo importante es que tanto el hombre como la mujer sean lo que tienen que ser, es decir Cristo en la Iglesia\u201d.<\/p>\n<p>Despu\u00e9s de un intermedio musical <strong>Marco Politi propone \u201cun focolar de coloquio\u201d<\/strong>: promover regularmente reflexiones sobre los grandes temas. \u201cEs m\u00e1s un desaf\u00edo que una pregunta\u201d, contesta Mar\u00eda Voce, \u201cser\u00e1 algo apropiado para nuestro estilo, para nuestra forma de hacer las cosas, porque no ser\u00eda una confrontaci\u00f3n de grandes ideas, sino de experiencias \u2013como por otra parte ha sido la experiencia de estos dos d\u00edas en el Loppiano Lab-. El testimonio que queremos dar es el de la relaci\u00f3n con quien est\u00e1 a nuestro lado, no con los grandes sistemas\u201d.<\/p>\n<p>Con respecto al \u201cproblema de la construcci\u00f3n de las mezquitas, por ejemplo, <strong>considero que la cosa m\u00e1s importante es que los musulmanes se sientan acogidos y comprendidos por los cristianos tambi\u00e9n en su forma de expresar la propia religiosidad\u201d<\/strong>. Prosigue afirmando\u00a0 que el Movimiento llega a la reflexi\u00f3n sobre los grandes temas con su estilo propio, de cercan\u00eda, de experiencia vital. \u201cPor ejemplo en una escuela, en un hospital, se unen las personas del Movimiento que trabajan all\u00ed y comparten las experiencias de su profesi\u00f3n vividas cristianamente. A menudo de la vida nace tambi\u00e9n una reflexi\u00f3n que genera iniciativas concretas y l\u00edneas de pensamiento de despu\u00e9s se pueden ofrecer\u201d. \u201cEl carisma de por s\u00ed tiene las respuestas. Son las preguntas las que cambian seg\u00fan los tiempos. Ante los nuevos cuestionamientos es necesario encontrar nuevas formas de formular las respuestas de de todos modos se encuentran en el carisma\u201d.<\/p>\n<p><strong>Con respecto al ecumenismo<\/strong>: \u201cCreo que es un camino dif\u00edcil. Es una verg\u00fcenza para todos los cristianos el estar divididos. Si nos damos cuenta de ello, sufrimos. Y participar todos del mismo sufrimiento no puede dejar de llevarnos a dar los pasos para superarlo. Pero puede ser que sea dif\u00edcil dar esos pasos hacia la unidad. Para llegar a la unidad es necesario saber perder algo, todos, y esto cuesta. Nosotros creemos que como Movimiento nuestra funci\u00f3n es precisamente la de estar en la fractura\u201d. \u201c\u00a1Debemos caminar! Creo que es algo que tenemos que buscar juntos\u201d.<\/p>\n<p><strong>Acerca del peque\u00f1o n\u00famero de <a href=\"https:\/\/www.focolare.org\/es\/movimento-dei-focolari\/scelte-e-impegno\/focolarini\/\">focolarinos<\/a>: <\/strong><strong>\u201c<\/strong>Precisamente porque es una elecci\u00f3n radical, el consumarse en unidad \u2013que significa amarse rec\u00edprocamente, perdi\u00e9ndose completamente en el otro, para que Dios est\u00e9 entre nosotros \u2013es una elecci\u00f3n exigente a la cual no todos est\u00e1n llamados, pero s\u00ed a la elecci\u00f3n de Dios que hacen todos en el Movimiento\u201d. Y concluye: \u201cA nosotros nos interesa que avance la idea de la fraternidad universal. Es Dios quien conduce la historia, por lo tanto no tenemos que tener miedo\u201d.<\/p>\n<p>La hora pas\u00f3 volando. Entre los tres que estaban en el palco y los 3.000 presentes se cre\u00f3 un \u201cfeeling\u201d que no se quisiera interrumpir. Pero <strong>la \u201capuesta de Emmaus\u201d ya ha sido lanzada y acogida.<\/strong><\/p>\n","protected":false},"excerpt":{"rendered":"<p>Como parte de LoppianoLab, el laboratorio en Italia patrocinado por el grupo editorial Ciudad Nueva, Polo Lionello Bonfanti industrial, Instituto Universitario Sophia y la ciudadela de Loppiano, se present\u00f3 el libro-entrevista de la presidente de los Focolares, Maria Voce<\/p>\n","protected":false},"author":34,"featured_media":0,"comment_status":"open","ping_status":"open","sticky":false,"template":"","format":"standard","meta":{"give_campaign_id":0,"_seopress_robots_primary_cat":"","_seopress_titles_title":"","_seopress_titles_desc":"","_seopress_robots_index":"","_et_pb_use_builder":"","_et_pb_old_content":"","_et_gb_content_width":"","footnotes":""},"categories":[904],"tags":[],"class_list":["post-348828","post","type-post","status-publish","format-standard","hentry","category-focolare-worldwide-2-2"],"_links":{"self":[{"href":"https:\/\/www.focolare.org\/es\/wp-json\/wp\/v2\/posts\/348828","targetHints":{"allow":["GET"]}}],"collection":[{"href":"https:\/\/www.focolare.org\/es\/wp-json\/wp\/v2\/posts"}],"about":[{"href":"https:\/\/www.focolare.org\/es\/wp-json\/wp\/v2\/types\/post"}],"author":[{"embeddable":true,"href":"https:\/\/www.focolare.org\/es\/wp-json\/wp\/v2\/users\/34"}],"replies":[{"embeddable":true,"href":"https:\/\/www.focolare.org\/es\/wp-json\/wp\/v2\/comments?post=348828"}],"version-history":[{"count":0,"href":"https:\/\/www.focolare.org\/es\/wp-json\/wp\/v2\/posts\/348828\/revisions"}],"wp:attachment":[{"href":"https:\/\/www.focolare.org\/es\/wp-json\/wp\/v2\/media?parent=348828"}],"wp:term":[{"taxonomy":"category","embeddable":true,"href":"https:\/\/www.focolare.org\/es\/wp-json\/wp\/v2\/categories?post=348828"},{"taxonomy":"post_tag","embeddable":true,"href":"https:\/\/www.focolare.org\/es\/wp-json\/wp\/v2\/tags?post=348828"}],"curies":[{"name":"wp","href":"https:\/\/api.w.org\/{rel}","templated":true}]}}