{"id":348858,"date":"2012-10-06T06:00:15","date_gmt":"2012-10-06T04:00:15","guid":{"rendered":"https:\/\/www.focolare.org\/fe-y-evangelizacion-a-cincuenta-anos-del-concilio-vaticano-ii\/"},"modified":"2024-06-06T12:31:03","modified_gmt":"2024-06-06T10:31:03","slug":"fe-y-evangelizacion-a-cincuenta-anos-del-concilio-vaticano-ii","status":"publish","type":"post","link":"https:\/\/www.focolare.org\/es\/fe-y-evangelizacion-a-cincuenta-anos-del-concilio-vaticano-ii\/","title":{"rendered":"Fe y evangelizaci\u00f3n: a cincuenta a\u00f1os del Concilio Vaticano II"},"content":{"rendered":"<p><a href=\"https:\/\/www.focolare.org\/wp-content\/uploads\/2012\/10\/20121006-02.jpg\"><img alt=\"\" alt=\"\" loading=\"lazy\" decoding=\"async\" class=\"wp-image-71646   alignleft\" style=\"margin-right: 10px;border: 0px none\" src=\"https:\/\/www.focolare.org\/wp-content\/uploads\/2012\/10\/20121006-02.jpg\" alt=\"\" width=\"264\" height=\"300\" \/><\/a><\/p>\n<p>El a\u00f1o 2012 conlleva un aniversario muy especial: el 11 de octubre de 1962 fue abierto por <strong>Juan XXIII <\/strong>el Concilio Vaticano II. La misma fecha fue elegida por <strong>Juan Pablo II<\/strong>, treinta a\u00f1os m\u00e1s tarde, para la publicaci\u00f3n del Catecismo de la Iglesia Cat\u00f3lica (11 de octubre de 1992). Y siempre el 11 de octubre iniciar\u00e1 <strong>el A\u00f1o de la Fe, <\/strong>convocado por <strong>Benedicto XVI<\/strong> con la Carta Apost\u00f3lica <strong><a href=\"http:\/\/www.vatican.va\/holy_father\/benedict_xvi\/motu_proprio\/documents\/hf_ben-xvi_motu-proprio_20111011_porta-fidei_it.html\">Porta fidei<\/a><\/strong>: \u00abEste a\u00f1o \u2013explica la Congregaci\u00f3n para la Doctrina de la Fe- ser\u00e1 una ocasi\u00f3n propicia para que todos los fieles comprendan m\u00e1s profundamente que el fundamento de la fe cristiana es \u201cel encuentro con un acontecimiento, con una Persona que da un nuevo horizonte a la vida y con \u00e9l la direcci\u00f3n decisiva\u201d. Basada en el encuentro con Jesucristo resucitado, la fe puede ser descubierta en su integridad y en todo su esplendor. \u201cTambi\u00e9n en nuestros d\u00edas la fe es un don que hay que descubrir, cultivar y testimoniar\u201d, para que el Se\u00f1or \u201cnos permita vivir la belleza y la alegr\u00eda de ser cristianos\u201d\u00bb.<\/p>\n<p>Para la Iglesia cat\u00f3lica este tema tiene una importancia central, como lo testimonia la decisi\u00f3n de Benedicto XVI de constituir, el 20 de septiembre de 2012, un nuevo dicasterio: el\u00a0 <a href=\"http:\/\/www.vatican.va\/roman_curia\/pontifical_councils\/new-evangelization\/index_it.htm\">Consejo Pontificio para la promoci\u00f3n de la nueva evangelizaci\u00f3n.<\/a> Se trata de un entramado de acontecimientos y de tem\u00e1ticas que se encuentran en el primer y relevante acontecimiento del A\u00f1o de la Fe, constituido por la XIII Asamblea General Ordinaria de S\u00ednodo de los Obispos, que tendr\u00e1 lugar del 7 al 28 de octubre de 2012 sobre el tema de <em>La nueva evangelizaci\u00f3n para la transmisi\u00f3n de la fe cristiana.<\/em><\/p>\n<p>Hemos pedido a tres te\u00f3logos <strong>una reflexi\u00f3n sobre la tem\u00e1tica del S\u00ednodo.<\/strong><\/p>\n<ul>\n<li><strong>Piero Coda<\/strong>, en el texto \u2018<em>Vaticano II y nueva evangelizaci\u00f3n \u2013 Un \u00fanico Kair\u00f3s\u2019<\/em>, se refiere al tema de la nueva evangelizaci\u00f3n desde sus ra\u00edces, y de las opciones tomadas en el Concilio Vaticano II.<\/li>\n<li>La reflexi\u00f3n de <strong>Julie Tremblay<\/strong>, \u2018<em>La calidad de nuestra fe\u2019, <\/em>subraya la condici\u00f3n esencial de la nueva evangelizaci\u00f3n como tema del S\u00ednodo: vivir el Evangelio en forma nueva.<\/li>\n<li>El te\u00f3logo anglicano <strong>Callan Slipper<\/strong>, en su intervenci\u00f3n\u00a0 \u2018<em>La \u201cnueva evangelizaci\u00f3n\u201d desde una perspectiva anglicana\u2019, <\/em>subraya c\u00f3mo el compromiso emprendido por la Iglesia cat\u00f3lica ofrece una visi\u00f3n convincente y \u00fatil tambi\u00e9n para las otras Iglesias, que comparten el mismo horizonte problem\u00e1tico. En este contexto se ve muy oportuno el \u201cintercambio de dones\u201d entre las Iglesias.<\/li>\n<\/ul>\n<p>Para profundizar continua en: <a href=\"http:\/\/nuovaumanita.cittanuova.it\/\">Nuova Umanit\u00e0 online<\/a><\/p>\n<p><em>Editorial a cargo de Antonio Mar\u00eda Baggio, tomado de la Revista trimestral de cultura <a href=\"http:\/\/nuovaumanita.cittanuova.it\/contenutoNU.php?idContenuto=333546\">Nuova Umanit\u00e0<\/a><\/em><\/p>\n","protected":false},"excerpt":{"rendered":"<p>En la Revista Nuova Umanit\u00e1 fue publicado un editorial dedicado a reflexionar sobre el significado de este aniversario. Las voces de tres te\u00f3logos: Coda, Tremblay, Slipper.<\/p>\n","protected":false},"author":34,"featured_media":0,"comment_status":"open","ping_status":"open","sticky":false,"template":"","format":"standard","meta":{"give_campaign_id":0,"_seopress_robots_primary_cat":"","_seopress_titles_title":"","_seopress_titles_desc":"","_seopress_robots_index":"","_et_pb_use_builder":"","_et_pb_old_content":"","_et_gb_content_width":"","footnotes":""},"categories":[46],"tags":[],"class_list":["post-348858","post","type-post","status-publish","format-standard","hentry","category-sin-categorizar"],"_links":{"self":[{"href":"https:\/\/www.focolare.org\/es\/wp-json\/wp\/v2\/posts\/348858","targetHints":{"allow":["GET"]}}],"collection":[{"href":"https:\/\/www.focolare.org\/es\/wp-json\/wp\/v2\/posts"}],"about":[{"href":"https:\/\/www.focolare.org\/es\/wp-json\/wp\/v2\/types\/post"}],"author":[{"embeddable":true,"href":"https:\/\/www.focolare.org\/es\/wp-json\/wp\/v2\/users\/34"}],"replies":[{"embeddable":true,"href":"https:\/\/www.focolare.org\/es\/wp-json\/wp\/v2\/comments?post=348858"}],"version-history":[{"count":0,"href":"https:\/\/www.focolare.org\/es\/wp-json\/wp\/v2\/posts\/348858\/revisions"}],"wp:attachment":[{"href":"https:\/\/www.focolare.org\/es\/wp-json\/wp\/v2\/media?parent=348858"}],"wp:term":[{"taxonomy":"category","embeddable":true,"href":"https:\/\/www.focolare.org\/es\/wp-json\/wp\/v2\/categories?post=348858"},{"taxonomy":"post_tag","embeddable":true,"href":"https:\/\/www.focolare.org\/es\/wp-json\/wp\/v2\/tags?post=348858"}],"curies":[{"name":"wp","href":"https:\/\/api.w.org\/{rel}","templated":true}]}}