{"id":348862,"date":"2012-10-09T03:00:05","date_gmt":"2012-10-09T01:00:05","guid":{"rendered":"https:\/\/www.focolare.org\/concluyo-el-encuentro-de-delegados-del-movimiento-de-los-focolares\/"},"modified":"2024-06-06T12:31:03","modified_gmt":"2024-06-06T10:31:03","slug":"concluyo-el-encuentro-de-delegados-del-movimiento-de-los-focolares","status":"publish","type":"post","link":"https:\/\/www.focolare.org\/es\/concluyo-el-encuentro-de-delegados-del-movimiento-de-los-focolares\/","title":{"rendered":"Concluy\u00f3  el encuentro de delegados del Movimiento de los Focolares"},"content":{"rendered":"<p><em><img alt=\"\" alt=\"\" loading=\"lazy\" decoding=\"async\" class=\"alignleft size-full wp-image-71758\" style=\"margin-right: 10px;border: 0px none\" src=\"https:\/\/www.focolare.org\/wp-content\/uploads\/2012\/10\/20121008-01.jpg\" alt=\"\" width=\"314\" height=\"235\" \/><\/em><strong>Termin\u00f3 el s\u00e1bado 6 de octubre<\/strong> el encuentro anual de<a href=\"https:\/\/www.focolare.org\/es\/news\/2012\/09\/14\/i-delegati-del-movimento-dei-focolari-radunati-a-roma\/\"> los delegados del Movimiento de los Focolares<\/a> que desde el 13 de septiembre reuni\u00f3 en el centro internacional de Rocca di Papa a 300 asistentes, entre responsables\u00a0 del Centro\u00a0 y delegados de las distintas <a href=\"https:\/\/www.focolare.org\/es\/focolare-worldwide\/\">\u00e1reas geogr\u00e1ficas<\/a> donde el Movimiento est\u00e1 presente.<\/p>\n<p><strong>Un mes de intenso trabajo <\/strong>en el que se vio en qu\u00e9 punto est\u00e1n los Focolares en el mundo y se lanz\u00f3 una mirada hacia el futuro. El programa se altern\u00f3 con momentos de plenario, encuentro por sectores (eclesial, juvenil, social) y por grupos de zonas geogr\u00e1ficas. Se recorri\u00f3 la vida del Movimiento, que atraviesa las culturas de los distintos pueblos, compartiendo con ellos metas y expectativas, a menudo pruebas y situaciones dif\u00edciles como por ejemplo en\u00a0 <strong><a href=\"https:\/\/www.focolare.org\/it\/news\/2012\/08\/10\/in-siria-una-fede-forte\/\">Siria<\/a><\/strong><strong>\u00a0 <\/strong>y en los Pa\u00edses sacudidos por la violencia, conflictos y cat\u00e1strofes naturales. Adem\u00e1s, se dio una mirada especial a la \u201cfraternidad\u201d en el mundo, a trav\u00e9s del proyecto <a href=\"http:\/\/www.unitedworldproject.it\/\">United World Project<\/a>, lanzado en el Genfest, y explicado en detalles en sala. Se anunci\u00f3 el seminario de estudios sobre el pensamiento de Chiara Lubich, que se realizar\u00e1 el 14 de marzo de 2013 en la Universidad La Sapienza de Roma, en el 5\u00ba aniversario de su desaparici\u00f3n f\u00edsica. En la era de la \u201cconexi\u00f3n continua\u201d, y conociendo el tema del nuevo mensaje de Benedicto XVI para la jornada de las comunicaciones sociales (\u201cRedes Sociales puertas de verdad y de fe, nuevos espacios de evangelizaci\u00f3n\u201d) se le dedic\u00f3 un lugar privilegiado a la comunicaci\u00f3n: un seminario sobre los new media que impactan en \u00a0la transformaci\u00f3n de la sociedad, desarrollado por el soci\u00f3logo italiano Gennaro Dorio, por la sic\u00f3loga chilena Paula Luengo y el economista italiano Benedetto Gui. Adem\u00e1s se dio una visi\u00f3n panor\u00e1mica sobre las redes sociales de los Focolares, como por ejemplo la editorial Citt\u00e1 Nova, en Italia y en el extranjero,\u00a0 la imprenta, el servicio inform\u00e1tico en el noticioso interno, el sitio web con los network sociales, todo orientado en un camino de comunicaci\u00f3n coordinada.<\/p>\n<p><em><a href=\"https:\/\/www.focolare.org\/wp-content\/uploads\/2012\/10\/20121008-03.jpg\"><img alt=\"\" alt=\"\" loading=\"lazy\" decoding=\"async\" class=\"size-full wp-image-71765 alignnone\" style=\"margin-left: 10px;border: 0px none\" src=\"https:\/\/www.focolare.org\/wp-content\/uploads\/2012\/10\/20121008-03.jpg\" alt=\"\" width=\"640\" height=\"227\" \/><\/a><\/em><\/p>\n<p>\u201c<em>Por las noticias tra\u00eddas por los delegados y por las que ustedes mismos nos han transmitido directamente \u2013<\/em>dijo la presidente Maria Voce en un saludo en vivo, mundial, v\u00eda web, el s\u00e1bado 6 de octubre, concluyendo el encuentro-, <em>hemos visto lo que Dios ha trabajado en el a\u00f1o reci\u00e9n terminado. Estamos seguros que El realizar\u00e1 igual o mucho m\u00e1s en este a\u00f1o que empieza, si nosotros nos ponemos a su servicio para reconocerlo y amarlo en cada hermano\u201d.<\/em><\/p>\n<p>En el a\u00f1o en que la Iglesia cat\u00f3lica se dedica de forma particular a la profundizaci\u00f3n de la \u201cNueva Evangelizaci\u00f3n\u201d, el Movimiento de los Focolares sintoniza con la Iglesia profundizando este a\u00f1o un punto de la espiritualidad de <a href=\"https:\/\/www.focolare.org\/ieschiara-lubich\/\"><strong>Chiara Lubich<\/strong><\/a>:<a href=\"https:\/\/www.focolare.org\/es\/chiara-lubich\/spiritualita-dellunita\/amore-al-fratello\/\"> <strong><span style=\"text-decoration: underline\">el amor al hermano. <\/span><\/strong><\/a><em>\u201cEl otro para mi: es otro yo\u201d <\/em>es el t\u00edtulo que la presidente <a href=\"https:\/\/www.focolare.org\/es\/news\/2011\/01\/20\/maria-voce\/\"><strong>Mar\u00eda Voce<\/strong><\/a> propone este a\u00f1o a los Focolares, partiendo de la invitaci\u00f3n del Evangelio: \u201cAmar\u00e1s a tu pr\u00f3jimo como a ti mismo (Mt. 22, 39)<\/p>\n<p>Es \u00e9ste el augurio lanzado por Mar\u00eda Voce en su saludo v\u00eda web a los miembros del Movimiento: <em>\u201cQue este a\u00f1o sea un a\u00f1o de gran expansi\u00f3n de amor en el mundo\u201d. Estrechar \u201ceste pacto de <span style=\"text-decoration: underline\"><a href=\"https:\/\/www.focolare.org\/es\/chiara-lubich\/spiritualita-dellunita\/amore-reciproco\/\">amor rec\u00edproco<\/a>, <\/span>pero no solo para\u00a0 nosotros, sino para toda la humanidad que tiene necesidad de una inundaci\u00f3n de amor, que precisa \u00a0un r\u00edo de amor, que precisa encontrar a Jes\u00fas\u201d<\/em><\/p>\n<p>Se <span style=\"text-decoration: underline\">abri\u00f3 <\/span>el domingo 7 de octubre, con \u00a0una solemne ceremonia en el Vaticano, el<a href=\"http:\/\/www.vatican.va\/news_services\/press\/sinodo\/sinodo_index_it.htm\" target=\"_blank\" rel=\"noopener\"> <span style=\"text-decoration: underline\">S\u00ednodo de los Obispos <\/span><\/a>sobre el tema \u201cLa nueva evangelizaci\u00f3n para la transmisi\u00f3n de la fe cristiana\u201d, S\u00ednodo al cual tambi\u00e9n la presidente de los Focolares participa como oyente.<\/p>\n","protected":false},"excerpt":{"rendered":"<p>Se van todos enriquecidos de nuevas perspectivas, con el compromiso renovado de construir puentes de fraternidad y de paz sobre todo en las situaciones m\u00e1s dif\u00edciles y donde prima  el individualismo<\/p>\n","protected":false},"author":34,"featured_media":0,"comment_status":"open","ping_status":"open","sticky":false,"template":"","format":"standard","meta":{"give_campaign_id":0,"_seopress_robots_primary_cat":"","_seopress_titles_title":"","_seopress_titles_desc":"","_seopress_robots_index":"","_et_pb_use_builder":"","_et_pb_old_content":"","_et_gb_content_width":"","footnotes":""},"categories":[46],"tags":[],"class_list":["post-348862","post","type-post","status-publish","format-standard","hentry","category-sin-categorizar"],"_links":{"self":[{"href":"https:\/\/www.focolare.org\/es\/wp-json\/wp\/v2\/posts\/348862","targetHints":{"allow":["GET"]}}],"collection":[{"href":"https:\/\/www.focolare.org\/es\/wp-json\/wp\/v2\/posts"}],"about":[{"href":"https:\/\/www.focolare.org\/es\/wp-json\/wp\/v2\/types\/post"}],"author":[{"embeddable":true,"href":"https:\/\/www.focolare.org\/es\/wp-json\/wp\/v2\/users\/34"}],"replies":[{"embeddable":true,"href":"https:\/\/www.focolare.org\/es\/wp-json\/wp\/v2\/comments?post=348862"}],"version-history":[{"count":0,"href":"https:\/\/www.focolare.org\/es\/wp-json\/wp\/v2\/posts\/348862\/revisions"}],"wp:attachment":[{"href":"https:\/\/www.focolare.org\/es\/wp-json\/wp\/v2\/media?parent=348862"}],"wp:term":[{"taxonomy":"category","embeddable":true,"href":"https:\/\/www.focolare.org\/es\/wp-json\/wp\/v2\/categories?post=348862"},{"taxonomy":"post_tag","embeddable":true,"href":"https:\/\/www.focolare.org\/es\/wp-json\/wp\/v2\/tags?post=348862"}],"curies":[{"name":"wp","href":"https:\/\/api.w.org\/{rel}","templated":true}]}}